{"id":7504,"date":"2024-08-28T14:02:00","date_gmt":"2024-08-28T14:02:00","guid":{"rendered":"https:\/\/areabadalona.com\/diario\/?p=7504"},"modified":"2024-08-29T08:03:13","modified_gmt":"2024-08-29T08:03:13","slug":"desocupats-dos-edificis-del-barri-de-la-morera-de-badalona-on-vivien-una-vintena-de-persones-que-portaven-anys-creant-problemes-de-seguretat-i-incivisme-als-veins","status":"publish","type":"post","link":"https:\/\/areabadalona.com\/diario\/2024\/08\/28\/desocupats-dos-edificis-del-barri-de-la-morera-de-badalona-on-vivien-una-vintena-de-persones-que-portaven-anys-creant-problemes-de-seguretat-i-incivisme-als-veins\/","title":{"rendered":"Desocupats dos edificis del barri de la Morera de Badalona on vivien una vintena de persones que portaven anys creant problemes de seguretat i incivisme als ve\u00efns"},"content":{"rendered":"\n<p>Aquest mat\u00ed ha tingut lloc la desocupaci\u00f3 de dos immobles adjacents, amb fa\u00e7anes al carrer de Gal\u00edcia i Torrent de la Font, al barri de la Morera, que portaven molts anys ocupats. L\u2019ocupaci\u00f3 d\u2019aquestes finques, que presenten un evident estat de deteriorament, era molt conflictiva i generava nombroses queixes dels ve\u00efns per les mol\u00e8sties que els seus ocupants ocasionaven des de feia anys i per les condicions d\u2019insalubritat dels edificis i de l\u2019entorn.<\/p>\n\n\n\n<p>En l\u2019operatiu, en el qual han intervingut efectius dels Mossos d\u2019Esquadra, Policia Nacional i Gu\u00e0rdia Urbana de Badalona, s\u2019han desocupat 21 persones i s\u2019han fet 4 detencions.<\/p>\n\n\n\n<p>Una vegada finalitzada la desocupaci\u00f3, operaris d\u2019una empresa especialitzada han comen\u00e7at les tasques d\u2019enderrocament dels edificis. Mentre durin aquestes feines, els propietaris dels immobles mantindran un dispositiu de vigil\u00e0ncia per evitar noves ocupacions.<\/p>\n\n\n\n<p>L\u2019alcalde de Badalona, Xavier Garcia Albiol, davant de l\u2019edifici desocupat i acompanyat del regidor de Pol\u00edtiques contra l\u2019Ocupaci\u00f3 Il\u00b7legal, Daniel Aguilera, ha recordat que l\u2019Ajuntament feia temps que treballava en aquesta desocupaci\u00f3. \u201cAquest \u00e9s un operatiu que port\u00e0vem molt temps preparant i estem molt satisfets perqu\u00e8 avui hem pogut posar fi a una situaci\u00f3 de molta angoixa i de preocupaci\u00f3 per als ve\u00efns del barri de la Morera\u201d, ha explicat Garcia Albiol. \u201cEl que s\u2019ha viscut aqu\u00ed\u201d, ha afegit l\u2019alcalde, \u201c\u00e9s conseq\u00fc\u00e8ncia de les pol\u00edtiques de permissivitat de la immigraci\u00f3 il\u00b7legal\u201d. \u201cNo pot ser que la soluci\u00f3 als problemes d\u2019\u00c0frica sigui obrir les portes absolutament a tothom. A Badalona lluitem contra l\u2019ocupaci\u00f3 il\u00b7legal, no volem ocupes il\u00b7legals, siguin nascuts aqu\u00ed o al Senegal\u201d, ha concl\u00f2s.<\/p>\n","protected":false},"excerpt":{"rendered":"<p>Aquest mat\u00ed ha tingut lloc la desocupaci\u00f3 de dos immobles adjacents, amb fa\u00e7anes al carrer de Gal\u00edcia i Torrent de la Font, al barri de la Morera, que portaven molts anys ocupats. L\u2019ocupaci\u00f3 d\u2019aquestes finques, que presenten un evident estat de deteriorament, era molt conflictiva i generava nombroses queixes dels ve\u00efns per les mol\u00e8sties que [&hellip;]<\/p>\n","protected":false},"author":1,"featured_media":7505,"comment_status":"closed","ping_status":"open","sticky":false,"template":"","format":"standard","meta":{"footnotes":""},"categories":[23],"tags":[],"class_list":{"0":"post-7504","1":"post","2":"type-post","3":"status-publish","4":"format-standard","5":"has-post-thumbnail","7":"category-actualitat"},"_links":{"self":[{"href":"https:\/\/areabadalona.com\/diario\/wp-json\/wp\/v2\/posts\/7504","targetHints":{"allow":["GET"]}}],"collection":[{"href":"https:\/\/areabadalona.com\/diario\/wp-json\/wp\/v2\/posts"}],"about":[{"href":"https:\/\/areabadalona.com\/diario\/wp-json\/wp\/v2\/types\/post"}],"author":[{"embeddable":true,"href":"https:\/\/areabadalona.com\/diario\/wp-json\/wp\/v2\/users\/1"}],"replies":[{"embeddable":true,"href":"https:\/\/areabadalona.com\/diario\/wp-json\/wp\/v2\/comments?post=7504"}],"version-history":[{"count":1,"href":"https:\/\/areabadalona.com\/diario\/wp-json\/wp\/v2\/posts\/7504\/revisions"}],"predecessor-version":[{"id":7506,"href":"https:\/\/areabadalona.com\/diario\/wp-json\/wp\/v2\/posts\/7504\/revisions\/7506"}],"wp:featuredmedia":[{"embeddable":true,"href":"https:\/\/areabadalona.com\/diario\/wp-json\/wp\/v2\/media\/7505"}],"wp:attachment":[{"href":"https:\/\/areabadalona.com\/diario\/wp-json\/wp\/v2\/media?parent=7504"}],"wp:term":[{"taxonomy":"category","embeddable":true,"href":"https:\/\/areabadalona.com\/diario\/wp-json\/wp\/v2\/categories?post=7504"},{"taxonomy":"post_tag","embeddable":true,"href":"https:\/\/areabadalona.com\/diario\/wp-json\/wp\/v2\/tags?post=7504"}],"curies":[{"name":"wp","href":"https:\/\/api.w.org\/{rel}","templated":true}]}}