{"id":7498,"date":"2024-07-29T10:05:57","date_gmt":"2024-07-29T10:05:57","guid":{"rendered":"https:\/\/areabadalona.com\/diario\/?p=7498"},"modified":"2024-08-26T10:06:36","modified_gmt":"2024-08-26T10:06:36","slug":"la-guardia-urbana-de-badalona-incorpora-17-noves-motocicletes-policials-per-augmentar-la-proximitat-i-lagilitat-dels-serveis","status":"publish","type":"post","link":"https:\/\/areabadalona.com\/diario\/2024\/07\/29\/la-guardia-urbana-de-badalona-incorpora-17-noves-motocicletes-policials-per-augmentar-la-proximitat-i-lagilitat-dels-serveis\/","title":{"rendered":"La Gu\u00e0rdia Urbana de Badalona incorpora 17 noves motocicletes policials per augmentar la proximitat i l\u2019agilitat dels serveis"},"content":{"rendered":"\n<p>La Gu\u00e0rdia Urbana de Badalona ha incorporat al seu parc m\u00f2bil 17 noves motocicletes policials, de les quals 15 s\u00f3n vehicles tipus esc\u00fater i 2 s\u00f3n motos el\u00e8ctriques per circular per zones de muntanya. Les motocicletes s\u2019han adquirit en la modalitat d\u2019arrendament sense opci\u00f3 de compra a trav\u00e9s del sistema centralitzat de l\u2019Associaci\u00f3 Catalana de Municipis, que t\u00e9 un cost de 206.640 euros i una durada de quatre anys.&nbsp; Els 15 esc\u00faters s\u00f3n de la marca SYM i tenen una cilindrada de 300 cc. Les dues motos el\u00e8ctriques de muntanya s\u00f3n de la marca Zero FX.<\/p>\n\n\n\n<p>La incorporaci\u00f3 d\u2019aquests nous vehicles suposa un salt endavant per al parc m\u00f2bil de la Gu\u00e0rdia Urbana de Badalona i dignifica el material amb el qual han de treballar els agents del cos de seguretat municipal. Les noves motos permetran augmentar l\u2019agilitat dels serveis i, especialment, la proximitat dels agents amb la ciutadania. En aquest sentit, es repartiran dues motos tipus esc\u00fater per al patrullatge de cadascun dels sis districtes, deixant les tres restants per a substitucions o ampliacions dels serveis en moments determinats. Les dues motos de muntanya donaran cobertura a la zona de la Serralada Marina.<\/p>\n\n\n\n<p>Els 17 nous vehicles s\u2019han presentat aquest dilluns al mat\u00ed en un acte celebrat al passeig Mar\u00edtim de Badalona en qu\u00e8 han participat l\u2019alcalde de Badalona, Xavier Garcia Albiol; el primer tinent d\u2019alcaldia, Juan Fern\u00e0ndez; el regidor de l\u2019\u00c0rea de Seguretat, Juan Manuel Ruiz; i el superintendent de la Gu\u00e0rdia Urbana de Badalona, Conrado Fern\u00e0ndez.<\/p>\n\n\n\n<p>L\u2019alcalde Xavier Garcia Albiol ha explicat que l\u2019adquisici\u00f3 d\u2019aquests nous vehicles \u00e9s una mostra del comprom\u00eds del Govern municipal de millorar la situaci\u00f3 de la Gu\u00e0rdia Urbana, tant amb la incorporaci\u00f3 de nous agents, com amb la dotaci\u00f3 dels recursos i materials necessaris perqu\u00e8 puguin fer la seva feina en condicions adequades i m\u00e9s segures. \u201cEl nostre objectiu \u00e9s augmentar durant aquest mandat el 50% la plantilla policial respecte a com la vam trobar, per aix\u00f2 incorporarem 43 nous agents al setembre, i tamb\u00e9 dotar al nostre cos dels recursos materials adients per ser una ciutat de refer\u00e8ncia en l\u2019\u00e0mbit de la seguretat\u201d, ha remarcat Garcia Albiol.<\/p>\n","protected":false},"excerpt":{"rendered":"<p>La Gu\u00e0rdia Urbana de Badalona ha incorporat al seu parc m\u00f2bil 17 noves motocicletes policials, de les quals 15 s\u00f3n vehicles tipus esc\u00fater i 2 s\u00f3n motos el\u00e8ctriques per circular per zones de muntanya. Les motocicletes s\u2019han adquirit en la modalitat d\u2019arrendament sense opci\u00f3 de compra a trav\u00e9s del sistema centralitzat de l\u2019Associaci\u00f3 Catalana de [&hellip;]<\/p>\n","protected":false},"author":2,"featured_media":7499,"comment_status":"closed","ping_status":"open","sticky":false,"template":"","format":"standard","meta":{"footnotes":""},"categories":[23],"tags":[],"class_list":{"0":"post-7498","1":"post","2":"type-post","3":"status-publish","4":"format-standard","5":"has-post-thumbnail","7":"category-actualitat"},"_links":{"self":[{"href":"https:\/\/areabadalona.com\/diario\/wp-json\/wp\/v2\/posts\/7498","targetHints":{"allow":["GET"]}}],"collection":[{"href":"https:\/\/areabadalona.com\/diario\/wp-json\/wp\/v2\/posts"}],"about":[{"href":"https:\/\/areabadalona.com\/diario\/wp-json\/wp\/v2\/types\/post"}],"author":[{"embeddable":true,"href":"https:\/\/areabadalona.com\/diario\/wp-json\/wp\/v2\/users\/2"}],"replies":[{"embeddable":true,"href":"https:\/\/areabadalona.com\/diario\/wp-json\/wp\/v2\/comments?post=7498"}],"version-history":[{"count":1,"href":"https:\/\/areabadalona.com\/diario\/wp-json\/wp\/v2\/posts\/7498\/revisions"}],"predecessor-version":[{"id":7500,"href":"https:\/\/areabadalona.com\/diario\/wp-json\/wp\/v2\/posts\/7498\/revisions\/7500"}],"wp:featuredmedia":[{"embeddable":true,"href":"https:\/\/areabadalona.com\/diario\/wp-json\/wp\/v2\/media\/7499"}],"wp:attachment":[{"href":"https:\/\/areabadalona.com\/diario\/wp-json\/wp\/v2\/media?parent=7498"}],"wp:term":[{"taxonomy":"category","embeddable":true,"href":"https:\/\/areabadalona.com\/diario\/wp-json\/wp\/v2\/categories?post=7498"},{"taxonomy":"post_tag","embeddable":true,"href":"https:\/\/areabadalona.com\/diario\/wp-json\/wp\/v2\/tags?post=7498"}],"curies":[{"name":"wp","href":"https:\/\/api.w.org\/{rel}","templated":true}]}}