{"id":7495,"date":"2024-07-31T10:04:17","date_gmt":"2024-07-31T10:04:17","guid":{"rendered":"https:\/\/areabadalona.com\/diario\/?p=7495"},"modified":"2024-08-26T10:04:56","modified_gmt":"2024-08-26T10:04:56","slug":"lajuntament-de-badalona-entrega-les-claus-a-lempresa-adjudicataria-perque-comencin-les-tasques-de-buidatge-i-enderroc-de-lantiga-fabrica-mobba","status":"publish","type":"post","link":"https:\/\/areabadalona.com\/diario\/2024\/07\/31\/lajuntament-de-badalona-entrega-les-claus-a-lempresa-adjudicataria-perque-comencin-les-tasques-de-buidatge-i-enderroc-de-lantiga-fabrica-mobba\/","title":{"rendered":"L\u2019Ajuntament de Badalona entrega les claus a l\u2019empresa adjudicat\u00e0ria perqu\u00e8 comencin les tasques de buidatge i enderroc de l\u2019antiga f\u00e0brica Mobba"},"content":{"rendered":"\n<p>Aquest dimecres l\u2019Ajuntament de Badalona ha signat l\u2019acta d\u2019entrega de les claus de l\u2019antiga f\u00e0brica Mobba perqu\u00e8 l\u2019empresa adjudicat\u00e0ria comenci les tasques de buidatge i enderroc de l\u2019edifici. Amb aquest acte es posa fi a tots els tr\u00e0mits administratius i es garanteix l\u2019enderrocament d\u2019aquest immoble, ubicat al carrer de Sant Isidre, al barri del Centre. D\u2019aquesta manera es deixaran enrere les mol\u00e8sties provocades per la degradaci\u00f3 de l\u2019edifici, i es podr\u00e0 crear una nova pla\u00e7a verda que permetr\u00e0 esponjar la zona.<\/p>\n\n\n\n<p>L\u2019empresa adjudicat\u00e0ria de les feines \u00e9s Urcotex, que s\u2019encarregar\u00e0 de buidar l\u2019edifici i de retirar tots els materials que hi ha a l\u2019interior de manera adequada. Despr\u00e9s de fer el buidatge seguint totes les mesures de seguretat i complint els protocols de tractament de residus, es procedir\u00e0 a tirar a terra l\u2019edifici. Es preveu que aquestes tasques tinguin una durada aproximada d\u2019entre quatre i sis mesos.<\/p>\n\n\n\n<p>Un cop enllestit l\u2019enderroc, es construir\u00e0 una nova pla\u00e7a verda amb un disseny consensuat amb els ve\u00efns de la zona i s\u2019urbanitzaran de nou els carrers de l\u2019entorn. Amb aquesta actuaci\u00f3 es pret\u00e9n deixar enrere un passat de degradaci\u00f3 i de mol\u00e8sties i fer realitat un nou espai que millori la qualitat de vida dels ve\u00efns i tamb\u00e9 la imatge de la ciutat. &nbsp;<\/p>\n\n\n\n<p>L\u2019alcalde de Badalona, Xavier Garcia Albiol, ha destacat la import\u00e0ncia de l\u2019entrega de les claus a l\u2019empresa adjudicat\u00e0ria \u201cperqu\u00e8 despr\u00e9s de tots els entrebancs pol\u00edtics que intencionadament s\u2019han posat per impedir que es dug\u00e9s a terme la voluntat dels ve\u00efns, avui podem assegurar que ja no hi ha marxa enrere i que en pocs mesos l\u2019edifici anir\u00e0 a terra i s\u2019urbanitzar\u00e0 una nova pla\u00e7a verda\u201d. \u201cAmb l\u2019enderroc de la Mobba el Govern municipal compleix amb el comprom\u00eds que va establir amb els ve\u00efns de l\u2019entorn de l\u2019edifici i demostra que actua basant-se en la voluntat que t\u00e9 la majoraria de la ciutadania de Badalona\u201d, ha remarcat l\u2019alcalde.<\/p>\n","protected":false},"excerpt":{"rendered":"<p>Aquest dimecres l\u2019Ajuntament de Badalona ha signat l\u2019acta d\u2019entrega de les claus de l\u2019antiga f\u00e0brica Mobba perqu\u00e8 l\u2019empresa adjudicat\u00e0ria comenci les tasques de buidatge i enderroc de l\u2019edifici. Amb aquest acte es posa fi a tots els tr\u00e0mits administratius i es garanteix l\u2019enderrocament d\u2019aquest immoble, ubicat al carrer de Sant Isidre, al barri del Centre. [&hellip;]<\/p>\n","protected":false},"author":2,"featured_media":7496,"comment_status":"closed","ping_status":"open","sticky":false,"template":"","format":"standard","meta":{"footnotes":""},"categories":[23],"tags":[],"class_list":{"0":"post-7495","1":"post","2":"type-post","3":"status-publish","4":"format-standard","5":"has-post-thumbnail","7":"category-actualitat"},"_links":{"self":[{"href":"https:\/\/areabadalona.com\/diario\/wp-json\/wp\/v2\/posts\/7495","targetHints":{"allow":["GET"]}}],"collection":[{"href":"https:\/\/areabadalona.com\/diario\/wp-json\/wp\/v2\/posts"}],"about":[{"href":"https:\/\/areabadalona.com\/diario\/wp-json\/wp\/v2\/types\/post"}],"author":[{"embeddable":true,"href":"https:\/\/areabadalona.com\/diario\/wp-json\/wp\/v2\/users\/2"}],"replies":[{"embeddable":true,"href":"https:\/\/areabadalona.com\/diario\/wp-json\/wp\/v2\/comments?post=7495"}],"version-history":[{"count":1,"href":"https:\/\/areabadalona.com\/diario\/wp-json\/wp\/v2\/posts\/7495\/revisions"}],"predecessor-version":[{"id":7497,"href":"https:\/\/areabadalona.com\/diario\/wp-json\/wp\/v2\/posts\/7495\/revisions\/7497"}],"wp:featuredmedia":[{"embeddable":true,"href":"https:\/\/areabadalona.com\/diario\/wp-json\/wp\/v2\/media\/7496"}],"wp:attachment":[{"href":"https:\/\/areabadalona.com\/diario\/wp-json\/wp\/v2\/media?parent=7495"}],"wp:term":[{"taxonomy":"category","embeddable":true,"href":"https:\/\/areabadalona.com\/diario\/wp-json\/wp\/v2\/categories?post=7495"},{"taxonomy":"post_tag","embeddable":true,"href":"https:\/\/areabadalona.com\/diario\/wp-json\/wp\/v2\/tags?post=7495"}],"curies":[{"name":"wp","href":"https:\/\/api.w.org\/{rel}","templated":true}]}}