{"id":7492,"date":"2024-08-01T10:02:46","date_gmt":"2024-08-01T10:02:46","guid":{"rendered":"https:\/\/areabadalona.com\/diario\/?p=7492"},"modified":"2024-08-26T10:03:24","modified_gmt":"2024-08-26T10:03:24","slug":"lajuntament-de-badalona-rep-una-donacio-de-3040-quilos-de-pintura-de-lempresa-akzonobel-que-sutilitzaran-per-fer-millores-en-centres-educatius-dalta-complexitat-de","status":"publish","type":"post","link":"https:\/\/areabadalona.com\/diario\/2024\/08\/01\/lajuntament-de-badalona-rep-una-donacio-de-3040-quilos-de-pintura-de-lempresa-akzonobel-que-sutilitzaran-per-fer-millores-en-centres-educatius-dalta-complexitat-de\/","title":{"rendered":"L\u2019Ajuntament de Badalona rep una donaci\u00f3 de 3040 quilos de pintura de l\u2019empresa AkzoNobel que s\u2019utilitzaran per fer millores en centres educatius d\u2019alta complexitat de la ciutat"},"content":{"rendered":"\n<p>L\u2019Ajuntament de Badalona ha rebut una donaci\u00f3 de 3040 quilos de pintura per part de l\u2019empresa AkzoNobel, a trav\u00e9s de la seva marca Bruguer, que s\u2019utilitzaran per fer millores en centres educatius d\u2019alta complexitat de la ciutat ubicats als barris de Sant Roc, Llefi\u00e0, La Salut, La Pau i Pomar. La donaci\u00f3 tamb\u00e9 ha comptat amb la col\u00b7laboraci\u00f3 de l\u2019empresa de transport TSB que ha traslladat de franc el material a Badalona.<\/p>\n\n\n\n<p>Les feines de pintatge a les diferents escoles les portaran a terme operaris que estan treballant en el pla d\u2019ocupaci\u00f3 \u201cBadalona Treballa\u201d amb el suport i la coordinaci\u00f3 dels t\u00e8cnics de la brigada municipal. Aquest pla d\u2019ocupaci\u00f3 t\u00e9 com a objectiu la inserci\u00f3 laboral de persones de m\u00e9s de 45 anys que es trobaven en situaci\u00f3 d\u2019atur i que tenien dificultats per accedir al m\u00f3n laboral. Aquest pla possibilita oportunitats laborals a aquells ve\u00efns de Badalona que pitjor ho estan passant i a la vegada ajuda a millorar edificis municipals que necessiten manteniment.<\/p>\n\n\n\n<p>La recepci\u00f3 dels 3040 quilos de pintura es va fer aquest dimecres al mat\u00ed en un acte en qu\u00e8 han participat l\u2019alcalde de Badalona, Xavier Garcia Albiol; la regidora de l\u2019\u00c0rea de Cultura i Educaci\u00f3, Vanesa Cejudo; del director del Canal Consumidor d\u2019AkzoNobel, Antonio Bu\u00f1uel; i del Branch Chief Commercial Officer de l\u2019empresa de transport TSB, Enric Blesa. \u201cDes de l\u2019Ajuntament agra\u00efm la implicaci\u00f3 i col\u00b7laboraci\u00f3 d\u2019AkzoNobel i TSB, que ens permetr\u00e0 millorar les instal\u00b7lacions de diversos centres educatius d\u2019alta complexitat de la ciutat\u201d, va indicar l\u2019alcalde Xavier Garcia Albiol &nbsp;<\/p>\n","protected":false},"excerpt":{"rendered":"<p>L\u2019Ajuntament de Badalona ha rebut una donaci\u00f3 de 3040 quilos de pintura per part de l\u2019empresa AkzoNobel, a trav\u00e9s de la seva marca Bruguer, que s\u2019utilitzaran per fer millores en centres educatius d\u2019alta complexitat de la ciutat ubicats als barris de Sant Roc, Llefi\u00e0, La Salut, La Pau i Pomar. La donaci\u00f3 tamb\u00e9 ha comptat [&hellip;]<\/p>\n","protected":false},"author":2,"featured_media":7493,"comment_status":"closed","ping_status":"open","sticky":false,"template":"","format":"standard","meta":{"footnotes":""},"categories":[23],"tags":[],"class_list":{"0":"post-7492","1":"post","2":"type-post","3":"status-publish","4":"format-standard","5":"has-post-thumbnail","7":"category-actualitat"},"_links":{"self":[{"href":"https:\/\/areabadalona.com\/diario\/wp-json\/wp\/v2\/posts\/7492","targetHints":{"allow":["GET"]}}],"collection":[{"href":"https:\/\/areabadalona.com\/diario\/wp-json\/wp\/v2\/posts"}],"about":[{"href":"https:\/\/areabadalona.com\/diario\/wp-json\/wp\/v2\/types\/post"}],"author":[{"embeddable":true,"href":"https:\/\/areabadalona.com\/diario\/wp-json\/wp\/v2\/users\/2"}],"replies":[{"embeddable":true,"href":"https:\/\/areabadalona.com\/diario\/wp-json\/wp\/v2\/comments?post=7492"}],"version-history":[{"count":1,"href":"https:\/\/areabadalona.com\/diario\/wp-json\/wp\/v2\/posts\/7492\/revisions"}],"predecessor-version":[{"id":7494,"href":"https:\/\/areabadalona.com\/diario\/wp-json\/wp\/v2\/posts\/7492\/revisions\/7494"}],"wp:featuredmedia":[{"embeddable":true,"href":"https:\/\/areabadalona.com\/diario\/wp-json\/wp\/v2\/media\/7493"}],"wp:attachment":[{"href":"https:\/\/areabadalona.com\/diario\/wp-json\/wp\/v2\/media?parent=7492"}],"wp:term":[{"taxonomy":"category","embeddable":true,"href":"https:\/\/areabadalona.com\/diario\/wp-json\/wp\/v2\/categories?post=7492"},{"taxonomy":"post_tag","embeddable":true,"href":"https:\/\/areabadalona.com\/diario\/wp-json\/wp\/v2\/tags?post=7492"}],"curies":[{"name":"wp","href":"https:\/\/api.w.org\/{rel}","templated":true}]}}