{"id":7489,"date":"2024-08-01T10:01:26","date_gmt":"2024-08-01T10:01:26","guid":{"rendered":"https:\/\/areabadalona.com\/diario\/?p=7489"},"modified":"2024-08-26T10:02:07","modified_gmt":"2024-08-26T10:02:07","slug":"avui-comenca-el-tasta-badalona-coneix-la-seva-historia-una-campanya-municipal-per-potenciar-la-restauracio-de-la-ciutat-i-reivindicar-el-llegat-roma-de-badalona","status":"publish","type":"post","link":"https:\/\/areabadalona.com\/diario\/2024\/08\/01\/avui-comenca-el-tasta-badalona-coneix-la-seva-historia-una-campanya-municipal-per-potenciar-la-restauracio-de-la-ciutat-i-reivindicar-el-llegat-roma-de-badalona\/","title":{"rendered":"Avui comen\u00e7a el \u201cTasta Badalona, coneix la seva hist\u00f2ria\u201d, una campanya municipal per potenciar la restauraci\u00f3 de la ciutat i reivindicar el llegat rom\u00e0 de Badalona"},"content":{"rendered":"\n<p>L\u2019Ajuntament de Badalona, mitjan\u00e7ant el Departament de Turisme, posa en marxa des d\u2019avui dijous 1 i fins al 31 d\u2019agost, la campanya \u201cTasta Badalona, coneix la seva hist\u00f2ria\u201d, una iniciativa promocional d\u2019impuls als establiments de restauraci\u00f3 de la ciutat i de promoci\u00f3 del coneixement de l\u2019antiga <em>Baetulo<\/em>.<\/p>\n\n\n\n<p>L\u2019Ajuntament de Badalona posa a disposici\u00f3 d\u2019aquesta campanya un total de 1.500 entrades del Museu de Badalona. Els clients podran obtenir dues d\u2019aquestes entrades si el cost del seu \u00e0pat \u00e9s igual o superior a 65 euros. Per aconseguir les entrades nom\u00e9s hauran d\u2019anar al Museu amb el tiquet del restaurant i un val que podran descarregar-se mitjan\u00e7ant un codi QR que trobaran als cartells informatius que hi ha en els 93 restaurants de la ciutat que s\u2019han adherit a la campanya.<\/p>\n\n\n\n<p>L\u2019horari d\u2019obertura del Museu a l\u2019agost \u00e9s de dimarts a diumenge de 10 a 14 hores.<\/p>\n\n\n\n<p>Consulta tots els detalls de la campanya \u201cTasta Badalona i el llistat d\u2019establiments adherits en el seg\u00fcent enlla\u00e7:<\/p>\n\n\n\n<p>&#8211; &nbsp;<a href=\"https:\/\/www.badalona.cat\/ca\/serveis-ajuntament\/turisme\/guia-practica\/on-menjar\/tasta-badalona?set_language=ca%20\">https:\/\/www.badalona.cat\/ca\/serveis-ajuntament\/turisme\/guia-practica\/on-menjar\/tasta-badalona?set_language=ca<\/a><\/p>\n","protected":false},"excerpt":{"rendered":"<p>L\u2019Ajuntament de Badalona, mitjan\u00e7ant el Departament de Turisme, posa en marxa des d\u2019avui dijous 1 i fins al 31 d\u2019agost, la campanya \u201cTasta Badalona, coneix la seva hist\u00f2ria\u201d, una iniciativa promocional d\u2019impuls als establiments de restauraci\u00f3 de la ciutat i de promoci\u00f3 del coneixement de l\u2019antiga Baetulo. L\u2019Ajuntament de Badalona posa a disposici\u00f3 d\u2019aquesta campanya [&hellip;]<\/p>\n","protected":false},"author":2,"featured_media":7490,"comment_status":"closed","ping_status":"open","sticky":false,"template":"","format":"standard","meta":{"footnotes":""},"categories":[23],"tags":[],"class_list":{"0":"post-7489","1":"post","2":"type-post","3":"status-publish","4":"format-standard","5":"has-post-thumbnail","7":"category-actualitat"},"_links":{"self":[{"href":"https:\/\/areabadalona.com\/diario\/wp-json\/wp\/v2\/posts\/7489","targetHints":{"allow":["GET"]}}],"collection":[{"href":"https:\/\/areabadalona.com\/diario\/wp-json\/wp\/v2\/posts"}],"about":[{"href":"https:\/\/areabadalona.com\/diario\/wp-json\/wp\/v2\/types\/post"}],"author":[{"embeddable":true,"href":"https:\/\/areabadalona.com\/diario\/wp-json\/wp\/v2\/users\/2"}],"replies":[{"embeddable":true,"href":"https:\/\/areabadalona.com\/diario\/wp-json\/wp\/v2\/comments?post=7489"}],"version-history":[{"count":1,"href":"https:\/\/areabadalona.com\/diario\/wp-json\/wp\/v2\/posts\/7489\/revisions"}],"predecessor-version":[{"id":7491,"href":"https:\/\/areabadalona.com\/diario\/wp-json\/wp\/v2\/posts\/7489\/revisions\/7491"}],"wp:featuredmedia":[{"embeddable":true,"href":"https:\/\/areabadalona.com\/diario\/wp-json\/wp\/v2\/media\/7490"}],"wp:attachment":[{"href":"https:\/\/areabadalona.com\/diario\/wp-json\/wp\/v2\/media?parent=7489"}],"wp:term":[{"taxonomy":"category","embeddable":true,"href":"https:\/\/areabadalona.com\/diario\/wp-json\/wp\/v2\/categories?post=7489"},{"taxonomy":"post_tag","embeddable":true,"href":"https:\/\/areabadalona.com\/diario\/wp-json\/wp\/v2\/tags?post=7489"}],"curies":[{"name":"wp","href":"https:\/\/api.w.org\/{rel}","templated":true}]}}