{"id":7487,"date":"2024-08-02T09:57:26","date_gmt":"2024-08-02T09:57:26","guid":{"rendered":"https:\/\/areabadalona.com\/diario\/?p=7487"},"modified":"2024-08-26T09:58:06","modified_gmt":"2024-08-26T09:58:06","slug":"lajuntament-de-badalona-demana-al-departament-deducacio-una-reunio-per-coordinar-latencio-i-el-suport-a-les-families-afectades-per-la-situacio-del-centre-de-formacio-joan-ma","status":"publish","type":"post","link":"https:\/\/areabadalona.com\/diario\/2024\/08\/02\/lajuntament-de-badalona-demana-al-departament-deducacio-una-reunio-per-coordinar-latencio-i-el-suport-a-les-families-afectades-per-la-situacio-del-centre-de-formacio-joan-ma\/","title":{"rendered":"L\u2019Ajuntament de Badalona demana al Departament d\u2019Educaci\u00f3 una reuni\u00f3 per coordinar l\u2019atenci\u00f3 i el suport a les fam\u00edlies afectades per la situaci\u00f3 del Centre de Formaci\u00f3 Joan Maragall"},"content":{"rendered":"\n<p>L\u2019Ajuntament de Badalona ha demanat aquest divendres al Departament d\u2019Educaci\u00f3 de la Generalitat una reuni\u00f3 per coordinar l\u2019atenci\u00f3 i el suport a les fam\u00edlies afectades per la situaci\u00f3 del Centre de Formaci\u00f3 Joan Maragall. Des de l\u2019Ajuntament s\u2019insta el centre i el Departament a oferir alternatives als alumnes per continuar la seva formaci\u00f3 davant la problem\u00e0tica interna que pateix el centre i que l\u2019obliga a reestructurar la seva oferta de cursos.<\/p>\n\n\n\n<p>Fa un temps, part dels treballadors del Centre de Formaci\u00f3 Joan Maragall van informar el Govern municipal d\u2019una situaci\u00f3 interna complexa dins del centre que suposava una situaci\u00f3 d\u2019inestabilitat i incertesa a l\u2019hora de programar els seus cursos formatius. Davant aquests fets, el Govern de Badalona va avisar al Departament d&#8217;Educaci\u00f3 de la Generalitat perqu\u00e8 conegu\u00e9s la situaci\u00f3.<\/p>\n\n\n\n<p>Avui dia, un cop ha rebut oficialment la comunicaci\u00f3 de la situaci\u00f3 per part del Centre de Formaci\u00f3 Joan Maragall, el Departament d\u2019Educaci\u00f3 ha instat el centre a informar a l&#8217;alumnat i les fam\u00edlies de la problem\u00e0tica. Segons s\u2019ha comunicat a l\u2019Ajuntament de Badalona, &nbsp;els estudis que la Generalitat t\u00e9 concertats al centre tenen garantida la seva continu\u00eftat, per\u00f2 no passa el mateix amb els cursos privats.<\/p>\n\n\n\n<p>Per fer front a aquesta situaci\u00f3, el Govern municipal insta el Centre de Formaci\u00f3 Joan Maragall i el Departament d\u2019Educaci\u00f3 a informar els afectats sobre la viabilitat del centre i dels cursos que s\u2019oferiran i de les possibles alternatives sobre els ensenyaments que no es poden mantenir al centre i, per tant, oferir a l\u2019alumnat opcions on continuar la seva formaci\u00f3. Aix\u00ed mateix, el Govern demana al centre que, si alguna fam\u00edlia o alumne ha avan\u00e7at el pagament de matr\u00edcules de cursos que finalment no s&#8217;oferiran, se&#8217;ls hi retornin de manera immediata els diners.<\/p>\n","protected":false},"excerpt":{"rendered":"<p>L\u2019Ajuntament de Badalona ha demanat aquest divendres al Departament d\u2019Educaci\u00f3 de la Generalitat una reuni\u00f3 per coordinar l\u2019atenci\u00f3 i el suport a les fam\u00edlies afectades per la situaci\u00f3 del Centre de Formaci\u00f3 Joan Maragall. Des de l\u2019Ajuntament s\u2019insta el centre i el Departament a oferir alternatives als alumnes per continuar la seva formaci\u00f3 davant la [&hellip;]<\/p>\n","protected":false},"author":2,"featured_media":6104,"comment_status":"closed","ping_status":"open","sticky":false,"template":"","format":"standard","meta":{"footnotes":""},"categories":[23],"tags":[],"class_list":{"0":"post-7487","1":"post","2":"type-post","3":"status-publish","4":"format-standard","5":"has-post-thumbnail","7":"category-actualitat"},"_links":{"self":[{"href":"https:\/\/areabadalona.com\/diario\/wp-json\/wp\/v2\/posts\/7487","targetHints":{"allow":["GET"]}}],"collection":[{"href":"https:\/\/areabadalona.com\/diario\/wp-json\/wp\/v2\/posts"}],"about":[{"href":"https:\/\/areabadalona.com\/diario\/wp-json\/wp\/v2\/types\/post"}],"author":[{"embeddable":true,"href":"https:\/\/areabadalona.com\/diario\/wp-json\/wp\/v2\/users\/2"}],"replies":[{"embeddable":true,"href":"https:\/\/areabadalona.com\/diario\/wp-json\/wp\/v2\/comments?post=7487"}],"version-history":[{"count":1,"href":"https:\/\/areabadalona.com\/diario\/wp-json\/wp\/v2\/posts\/7487\/revisions"}],"predecessor-version":[{"id":7488,"href":"https:\/\/areabadalona.com\/diario\/wp-json\/wp\/v2\/posts\/7487\/revisions\/7488"}],"wp:featuredmedia":[{"embeddable":true,"href":"https:\/\/areabadalona.com\/diario\/wp-json\/wp\/v2\/media\/6104"}],"wp:attachment":[{"href":"https:\/\/areabadalona.com\/diario\/wp-json\/wp\/v2\/media?parent=7487"}],"wp:term":[{"taxonomy":"category","embeddable":true,"href":"https:\/\/areabadalona.com\/diario\/wp-json\/wp\/v2\/categories?post=7487"},{"taxonomy":"post_tag","embeddable":true,"href":"https:\/\/areabadalona.com\/diario\/wp-json\/wp\/v2\/tags?post=7487"}],"curies":[{"name":"wp","href":"https:\/\/api.w.org\/{rel}","templated":true}]}}