{"id":7484,"date":"2024-08-07T09:55:52","date_gmt":"2024-08-07T09:55:52","guid":{"rendered":"https:\/\/areabadalona.com\/diario\/?p=7484"},"modified":"2024-08-26T09:56:31","modified_gmt":"2024-08-26T09:56:31","slug":"la-primera-nit-de-la-campanya-per-combatre-lincivisme-descans-i-convivencia-es-salda-amb-laixecament-de-tretze-actes-i-una-detencio","status":"publish","type":"post","link":"https:\/\/areabadalona.com\/diario\/2024\/08\/07\/la-primera-nit-de-la-campanya-per-combatre-lincivisme-descans-i-convivencia-es-salda-amb-laixecament-de-tretze-actes-i-una-detencio\/","title":{"rendered":"La primera nit de la campanya per combatre l\u2019incivisme \u2018Descans i conviv\u00e8ncia\u2019 es salda amb l\u2019aixecament de tretze actes i una detenci\u00f3"},"content":{"rendered":"\n<p>La Gu\u00e0rdia Urbana de Badalona va posar en marxa ahir la campanya \u2018Descans i conviv\u00e8ncia\u2019, una iniciativa per combatre l\u2019incivisme en aquells punts de la ciutat on els ve\u00efns han denunciat l\u2019exist\u00e8ncia de problem\u00e0tiques que afecten la conviv\u00e8ncia. En la primera nit d\u2019actuacions, els agents del cos de seguretat municipal han aixecat tretze actes, la majoria per actituds inc\u00edviques i possessi\u00f3 de subst\u00e0ncies. Entre aquestes den\u00fancies s\u2019inclou una per tinen\u00e7a d\u2019una arma blanca prohibida i la immobilitzaci\u00f3 d\u2019un vehicle de matr\u00edcula estrangera. Durant l\u2019operatiu tamb\u00e9 es va detenir una persona que tenia una ordre judicial pendent.<\/p>\n\n\n\n<p>Aquestes actuacions de la Gu\u00e0rdia Urbana es van fer en diferents carrers de Llefi\u00e0, La Salut, Sistrells i Bufal\u00e0 com la pla\u00e7a Antonio Machado, la pla\u00e7a de la Dona, el carrer Quevedo, la pla\u00e7a Salvador Allende, la pla\u00e7a de les Brigades Internacionals i el carrer Jumilla, entre d\u2019altres.<\/p>\n\n\n\n<p>A m\u00e9s de les actes aixecades, durant la primera nit de la campanya la Gu\u00e0rdia Urbana va fer tamb\u00e9 una tasca preventiva i va dissoldre diversos grups de persones. En aquests casos es va advertir els implicats del fet que si les conductes inc\u00edviques persisteixen, es procedir\u00e0 a sancionar.<\/p>\n\n\n\n<p>El regidor de l\u2019\u00c0rea de Seguretat Ciutadana, Juan Manuel Ruiz, s\u2019ha mostrat satisfet del resultat de la primera nit de l\u2019operatiu i ha destacat la import\u00e0ncia de la tasca preventiva per assegurar una bona conviv\u00e8ncia en els espais p\u00fablics. \u201cPerseguim i sancionarem totes les actituds inc\u00edviques que afectin el descans dels ve\u00efns de la ciutat\u201d, ha afirmat el regidor.<\/p>\n","protected":false},"excerpt":{"rendered":"<p>La Gu\u00e0rdia Urbana de Badalona va posar en marxa ahir la campanya \u2018Descans i conviv\u00e8ncia\u2019, una iniciativa per combatre l\u2019incivisme en aquells punts de la ciutat on els ve\u00efns han denunciat l\u2019exist\u00e8ncia de problem\u00e0tiques que afecten la conviv\u00e8ncia. En la primera nit d\u2019actuacions, els agents del cos de seguretat municipal han aixecat tretze actes, la [&hellip;]<\/p>\n","protected":false},"author":2,"featured_media":7485,"comment_status":"closed","ping_status":"open","sticky":false,"template":"","format":"standard","meta":{"footnotes":""},"categories":[23],"tags":[],"class_list":{"0":"post-7484","1":"post","2":"type-post","3":"status-publish","4":"format-standard","5":"has-post-thumbnail","7":"category-actualitat"},"_links":{"self":[{"href":"https:\/\/areabadalona.com\/diario\/wp-json\/wp\/v2\/posts\/7484","targetHints":{"allow":["GET"]}}],"collection":[{"href":"https:\/\/areabadalona.com\/diario\/wp-json\/wp\/v2\/posts"}],"about":[{"href":"https:\/\/areabadalona.com\/diario\/wp-json\/wp\/v2\/types\/post"}],"author":[{"embeddable":true,"href":"https:\/\/areabadalona.com\/diario\/wp-json\/wp\/v2\/users\/2"}],"replies":[{"embeddable":true,"href":"https:\/\/areabadalona.com\/diario\/wp-json\/wp\/v2\/comments?post=7484"}],"version-history":[{"count":1,"href":"https:\/\/areabadalona.com\/diario\/wp-json\/wp\/v2\/posts\/7484\/revisions"}],"predecessor-version":[{"id":7486,"href":"https:\/\/areabadalona.com\/diario\/wp-json\/wp\/v2\/posts\/7484\/revisions\/7486"}],"wp:featuredmedia":[{"embeddable":true,"href":"https:\/\/areabadalona.com\/diario\/wp-json\/wp\/v2\/media\/7485"}],"wp:attachment":[{"href":"https:\/\/areabadalona.com\/diario\/wp-json\/wp\/v2\/media?parent=7484"}],"wp:term":[{"taxonomy":"category","embeddable":true,"href":"https:\/\/areabadalona.com\/diario\/wp-json\/wp\/v2\/categories?post=7484"},{"taxonomy":"post_tag","embeddable":true,"href":"https:\/\/areabadalona.com\/diario\/wp-json\/wp\/v2\/tags?post=7484"}],"curies":[{"name":"wp","href":"https:\/\/api.w.org\/{rel}","templated":true}]}}