{"id":7473,"date":"2024-08-08T09:38:04","date_gmt":"2024-08-08T09:38:04","guid":{"rendered":"https:\/\/areabadalona.com\/diario\/?p=7473"},"modified":"2024-08-26T09:38:42","modified_gmt":"2024-08-26T09:38:42","slug":"lajuntament-de-badalona-dona-suport-a-les-families-afectades-per-la-problematica-del-centre-joan-maragall-i-es-compromet-a-trobar-una-solucio-al-problema-en-les-proximes-setmanes","status":"publish","type":"post","link":"https:\/\/areabadalona.com\/diario\/2024\/08\/08\/lajuntament-de-badalona-dona-suport-a-les-families-afectades-per-la-problematica-del-centre-joan-maragall-i-es-compromet-a-trobar-una-solucio-al-problema-en-les-proximes-setmanes\/","title":{"rendered":"L\u2019Ajuntament de Badalona dona suport a les fam\u00edlies afectades per la problem\u00e0tica del centre Joan Maragall i es compromet a trobar una soluci\u00f3 al problema en les pr\u00f2ximes setmanes"},"content":{"rendered":"\n<p>Aquesta setmana el Govern municipal de Badalona s\u2019ha reunit amb la direcci\u00f3 del Centre d\u2019Estudis Joan Maragall per con\u00e8ixer de primera m\u00e0 la situaci\u00f3 interna del centre, aix\u00ed com de les fam\u00edlies afectades per la suspensi\u00f3 dels cursos formaci\u00f3 privada i a dist\u00e0ncia que el centre no podr\u00e0 realitzar durant el curs vinent.<\/p>\n\n\n\n<p>Segons va informar la direcci\u00f3 del centre durant la trobada, l\u2019equip docent del Joan Maragall ja ha comen\u00e7at a treballar en la planificaci\u00f3 dels cicles formatius concertats que si es duran a terme perqu\u00e8 estan garantits per la gesti\u00f3 de la Generalitat de Catalunya. Aquests cursos podran iniciar-se amb normalitat al setembre.<\/p>\n\n\n\n<p>En canvi, des del centre es va explicar que aquells alumnes que han optat per la formaci\u00f3 privada i a dist\u00e0ncia no tenen garantit poder fer la seva formaci\u00f3 el curs vinent perqu\u00e8 es tracta de cursos no gestionats per la Generalitat de Catalunya. Per donar soluci\u00f3 a aquesta situaci\u00f3, des de l\u2019equip docent del Joan Maragall s\u2019assessorar\u00e0 durant la primera setmana de setembre (entre el 2 i el 5 de setembre) a tots aquells alumnes que ho desitgin amb l\u2019objectiu d\u2019intentar reubicar-los en altres centres privats per tal de continuar amb la formaci\u00f3 escollida. Per fer aquesta gesti\u00f3, s&#8217;ha fet arribar un formulari a tots els alumnes afectats perqu\u00e8 especifiquin la situaci\u00f3 en qu\u00e8 es troben i poder trobar vies de soluci\u00f3.<\/p>\n\n\n\n<p>Als problemes amb els cursos, s\u2019ha d\u2019afegir la cr\u00edtica situaci\u00f3 en la qual es troba el personal del Centre d\u2019Estudis Joan Margall actualment, ja que hi ha 60 treballadors d\u2019un total de 78 que no han rebut la seva remuneraci\u00f3 salarial des del passat mes de juny. Nom\u00e9s els professionals que estan a c\u00e0rrec de la Generalitat han pogut percebre la seva n\u00f2mina de manera regular.<\/p>\n\n\n\n<p>A banda de la reuni\u00f3 amb la direcci\u00f3 del centre, des de l&#8217;Ajuntament de Badalona es va demanar divendres passat al Departament d&#8217;Educaci\u00f3 de la Generalitat una reuni\u00f3 de car\u00e0cter urgent per analitzar en detall tota la problem\u00e0tica. Aquesta trobada que no es podr\u00e0 realitzar fins a la primera setmana de setembre, ja que des de la Generalitat han preferit ajornar-la per tenir dades m\u00e9s fiables sobre la situaci\u00f3. Des de l\u2019Ajuntament de Badalona es considera que, donada la gravetat del context, la reuni\u00f3 s\u2019hauria de celebrar ja.<\/p>\n\n\n\n<p>El Govern de Badalona ha traslladat el m\u00e0xim suport, respecte i empatia a totes les fam\u00edlies afectades i s\u2019ha comprom\u00e8s a trobar una soluci\u00f3 que garanteixi que tots els alumnes afectats poden continuar amb la seva formaci\u00f3.<\/p>\n","protected":false},"excerpt":{"rendered":"<p>Aquesta setmana el Govern municipal de Badalona s\u2019ha reunit amb la direcci\u00f3 del Centre d\u2019Estudis Joan Maragall per con\u00e8ixer de primera m\u00e0 la situaci\u00f3 interna del centre, aix\u00ed com de les fam\u00edlies afectades per la suspensi\u00f3 dels cursos formaci\u00f3 privada i a dist\u00e0ncia que el centre no podr\u00e0 realitzar durant el curs vinent. Segons va [&hellip;]<\/p>\n","protected":false},"author":2,"featured_media":2357,"comment_status":"closed","ping_status":"open","sticky":false,"template":"","format":"standard","meta":{"footnotes":""},"categories":[24],"tags":[],"class_list":{"0":"post-7473","1":"post","2":"type-post","3":"status-publish","4":"format-standard","5":"has-post-thumbnail","7":"category-societat"},"_links":{"self":[{"href":"https:\/\/areabadalona.com\/diario\/wp-json\/wp\/v2\/posts\/7473","targetHints":{"allow":["GET"]}}],"collection":[{"href":"https:\/\/areabadalona.com\/diario\/wp-json\/wp\/v2\/posts"}],"about":[{"href":"https:\/\/areabadalona.com\/diario\/wp-json\/wp\/v2\/types\/post"}],"author":[{"embeddable":true,"href":"https:\/\/areabadalona.com\/diario\/wp-json\/wp\/v2\/users\/2"}],"replies":[{"embeddable":true,"href":"https:\/\/areabadalona.com\/diario\/wp-json\/wp\/v2\/comments?post=7473"}],"version-history":[{"count":1,"href":"https:\/\/areabadalona.com\/diario\/wp-json\/wp\/v2\/posts\/7473\/revisions"}],"predecessor-version":[{"id":7474,"href":"https:\/\/areabadalona.com\/diario\/wp-json\/wp\/v2\/posts\/7473\/revisions\/7474"}],"wp:featuredmedia":[{"embeddable":true,"href":"https:\/\/areabadalona.com\/diario\/wp-json\/wp\/v2\/media\/2357"}],"wp:attachment":[{"href":"https:\/\/areabadalona.com\/diario\/wp-json\/wp\/v2\/media?parent=7473"}],"wp:term":[{"taxonomy":"category","embeddable":true,"href":"https:\/\/areabadalona.com\/diario\/wp-json\/wp\/v2\/categories?post=7473"},{"taxonomy":"post_tag","embeddable":true,"href":"https:\/\/areabadalona.com\/diario\/wp-json\/wp\/v2\/tags?post=7473"}],"curies":[{"name":"wp","href":"https:\/\/api.w.org\/{rel}","templated":true}]}}