{"id":7470,"date":"2024-08-12T09:36:38","date_gmt":"2024-08-12T09:36:38","guid":{"rendered":"https:\/\/areabadalona.com\/diario\/?p=7470"},"modified":"2024-08-26T09:37:19","modified_gmt":"2024-08-26T09:37:19","slug":"badalona-celebra-aquesta-setmana-la-festa-major-commemorant-els-575-anys-de-la-primera-mencio-daquesta-festivitat-a-la-ciutat","status":"publish","type":"post","link":"https:\/\/areabadalona.com\/diario\/2024\/08\/12\/badalona-celebra-aquesta-setmana-la-festa-major-commemorant-els-575-anys-de-la-primera-mencio-daquesta-festivitat-a-la-ciutat\/","title":{"rendered":"Badalona celebra aquesta setmana la Festa Major commemorant els 575 anys de la primera menci\u00f3 d\u2019aquesta festivitat a la ciutat"},"content":{"rendered":"\n<p>Del dimecres 14 fins al divendres 16 d\u2019agost Badalona celebra la seva Festa Major per la solemnitat de l\u2019Assumpci\u00f3 de la Mare de D\u00e9u, el dia 15, i de Sant Roc el dia 16 d\u2019agost, patrona i copatr\u00f3 de la ciutat respectivament.<\/p>\n\n\n\n<p>Els principals atractius del programa d\u2019activitats d\u2019enguany s\u00f3n la m\u00fasica i la cultura popular, amb actes com la Tronada, el Ball a pla\u00e7a, la Cercavila, el Castell de focs o el Bany de les B\u00e8sties. El passeig de la Rambla ser\u00e0 l\u2019escenari de diferents concerts. La nit del 14 d\u2019agost, despr\u00e9s dels castells de foc a la platja dels Pescadors, Los 80 Principales proposaran un viatge a la d\u00e8cada dels 80 amb can\u00e7ons m\u00edtiques de grups com Queen o El \u00daltimo de la Fila. DJ Badabronx ser\u00e0 l\u2019encarregat d\u2019acabar la nit amb una selecci\u00f3 dels millors hits actuals. La nit del 15 ser\u00e0 el torn de 31 FAM, el grup de m\u00fasica urbana referent del pa\u00eds que torna a Badalona amb el seu \u00faltim disc <em>X si ens veiem en una altra vida<\/em>.<\/p>\n\n\n\n<p>Aquest any, a m\u00e9s, es commemoren 575 anys de la primera menci\u00f3 de la Festa Major. Badalona compta amb una consueta parroquial del segle XV (llibre que recull els costums, pr\u00e0ctiques i celebracions de la comunitat eclesi\u00e0stica). Es tracta de Pr\u00e0ctiques i costums de Badalona, un costumari que es coincideix a datar l\u2019any 1499 i que ha perm\u00e8s afirmar que enguany fa 575 anys de la primera menci\u00f3 documentada de la nostra festa, situant-la entre una de les cinc festes majors documentades m\u00e9s antigues del pa\u00eds.<\/p>\n\n\n\n<p>Us recordem que fins al 16 d\u2019agost, d\u201911 a 14 hores i de 16 a 21 hores, la planta baixa de la <strong>Casa de la Vila<\/strong>&nbsp;acull l\u2019<strong>exposici\u00f3<\/strong><strong><em>575 anys de la Festa Major (pel cap baix)<\/em><\/strong>, una mostra que, repassant la hist\u00f2ria de la Festa Major fins als nostres dies, mostra part d\u2019aquest document del segle XV on llegeix que per Santa Maria d\u2019agost s\u2019hi fan dues misses, pel fet que \u201c\u00e9s la festa major de Badalona\u201d.<\/p>\n\n\n\n<p>Tamb\u00e9 a la Casa de la Vila s\u2019hi instal\u00b7lar\u00e0, del 13 al 16 d\u2019agost, la <strong>mostra d\u2019imatgeria festiva de la ciutat<\/strong>, per acostar-se i gaudir del patrimoni festiu badalon\u00ed. A m\u00e9s, fins al 16 d\u2019agost es pot visitar a la Biblioteca Canyad\u00f3 i Casagemes \u2013 Joan Argent\u00e9 l\u2019<strong>exposici\u00f3 <em>Arrenglerats a la platja. Els envelats i la Festa Major<\/em>.<\/strong><\/p>\n\n\n\n<p>Aquestes s\u00f3n les activitats programades pels dies de la Festa Major de la ciutat:<\/p>\n\n\n\n<p><strong><u>Dimecres 14 d\u2019agost<\/u><\/strong><\/p>\n\n\n\n<p><strong>Repic de vig\u00edlia<\/strong>.<\/p>\n\n\n\n<p>A les 18 hores , a l\u2019esgl\u00e9sia de Santa Maria.<\/p>\n\n\n\n<p><strong>Tronada<\/strong><\/p>\n\n\n\n<p>A les 20 hores, a la pla\u00e7a de la Vila.<\/p>\n\n\n\n<p>Una traca de cinc-cents metres recorrer\u00e0 els carrers de la Costa i de Sant Anastasi, i unir\u00e0 la pla\u00e7a de la Constituci\u00f3 (antiga pla\u00e7a de la Vila) amb l\u2019actual pla\u00e7a de la Vila.<\/p>\n\n\n\n<p>A continuaci\u00f3,<\/p>\n\n\n\n<p><strong>Ball a pla\u00e7a i Cercavila<\/strong>&nbsp;pels carrers de Francesc Layret, de la Merc\u00e8 i passeig de la Rambla.<\/p>\n\n\n\n<p><strong>Castell de focs<\/strong><\/p>\n\n\n\n<p>A les 22 hores, a la platja dels Pescadors.<\/p>\n\n\n\n<p><strong>Concert de Festa Major:<\/strong><\/p>\n\n\n\n<p><strong>Los 80 Principales<\/strong><\/p>\n\n\n\n<p>Acabat el Castell de Focs, al passeig de la Rambla<\/p>\n\n\n\n<p>Un viatge musical per reviure algunes de les millors can\u00e7ons de la d\u00e8cada dels 80: Queen, AC\/DC, El \u00daltimo de la Fila&#8230; i que, despr\u00e9s de l\u2019\u00e8xit de l\u2019any passat, torna a la Festa Major de Badalona.<\/p>\n\n\n\n<p><strong>DJ Badabronx<\/strong><\/p>\n\n\n\n<p>A continuaci\u00f3, al passeig de la Rambla, el DJ badalon\u00ed oferir\u00e0 una selecci\u00f3 dels <em>hits<\/em>&nbsp;m\u00e9s actuals.<\/p>\n\n\n\n<p><strong><u>Dijous 15 d\u2019agost<\/u><\/strong><\/p>\n\n\n\n<p><strong>Matinades<\/strong><\/p>\n\n\n\n<p>A les 8 hores, pels carrers del Centre i de Dalt la Vila.<\/p>\n\n\n\n<p><strong>Catifa de flors<\/strong><\/p>\n\n\n\n<p>A les 10 hores, a l\u2019esgl\u00e9sia de Santa Maria.<\/p>\n\n\n\n<p><strong>Repic de Festa Major<\/strong><\/p>\n\n\n\n<p>A les 10 hores, a l\u2019esgl\u00e9sia de Santa Maria.<\/p>\n\n\n\n<p><strong>Anada a Ofici<\/strong><\/p>\n\n\n\n<p>A les 10 hores, a la pla\u00e7a de la Vila.<\/p>\n\n\n\n<p>Els balls aniran a Ofici pels carrers de Sant Anastasi, de la Costa, de Sant Sebasti\u00e0, pla\u00e7a Pau Casals, carrer de Barcelona, pla\u00e7a Constituci\u00f3, carrer de la Pla\u00e7a i pla\u00e7a Barber\u00e0.<\/p>\n\n\n\n<p><strong>Repic de missa i Ofici solemne de Festa Major<\/strong><\/p>\n\n\n\n<p>A les 11 hores, a l\u2019esgl\u00e9sia de Santa Maria.<\/p>\n\n\n\n<p><strong>Tornada d\u2019Ofici<\/strong><\/p>\n\n\n\n<p>A continuaci\u00f3, tots els balls tornaran d\u2019Ofici en cercavila des de la pla\u00e7a de Barber\u00e0 i fins a la pla\u00e7a de la Vila.<\/p>\n\n\n\n<p><strong>Dinar Popular<\/strong><\/p>\n\n\n\n<p>A les 14.30 hores, al passeig de la Rambla.<\/p>\n\n\n\n<p><strong>Concert infantil:<\/strong><\/p>\n\n\n\n<p><strong><em>Balambamb\u00fa<\/em>&nbsp;de Pentina el Gat<\/strong><\/p>\n\n\n\n<p>A les 18 hores, al passeig de la Rambla.<\/p>\n\n\n\n<p>Espectacle familiar que combina <em>rock &amp; roll<\/em>, <em>ska<\/em>, rumba catalana, salsa i samba per fer gaudir a petits i grans.<\/p>\n\n\n\n<p><strong>Ballada de Sardanes amb la Cobla Sabadell<\/strong><\/p>\n\n\n\n<p>A les 19 hores, al passeig de la Rambla.<\/p>\n\n\n\n<p><strong>Bany de les B\u00e8sties<\/strong><\/p>\n\n\n\n<p>A les 22 hores, a la platja dels Pescadors.<\/p>\n\n\n\n<p>Despr\u00e9s d\u2019una cercavila de foc, les b\u00e8sties de Badalona es banyen a mar envoltades de foc. Recorregut: passeig Mar\u00edtim, des de la platja dels Pescadors a la platja del Pont d\u2019en Botifarreta.<\/p>\n\n\n\n<p><strong>Concert de Festa Major:<\/strong><\/p>\n\n\n\n<p><strong>31 FAM<\/strong><\/p>\n\n\n\n<p>A les 23.30 hores (aproximadament), al passeig de la Rambla<\/p>\n\n\n\n<p>El grup referent de la m\u00fasica urbana del pa\u00eds 31 FAM torna a Badalona amb el seu \u00faltim disc <em>X si ens veiem en una altra vida<\/em>.<\/p>\n\n\n\n<p><strong><u>Divendres 16 d\u2019agost<\/u><\/strong><\/p>\n\n\n\n<p><strong>Matinades<\/strong><\/p>\n\n\n\n<p>A les 8 hores, pels carrers dels barris del Centre i de Dalt la Vila.<\/p>\n\n\n\n<p><strong>Repic de missa i Ofici de Sant Roc<\/strong><\/p>\n\n\n\n<p>A les 11 hores, a l\u2019esgl\u00e9sia de Santa Maria.<\/p>\n\n\n\n<p><strong>Tornada d\u2019Ofici i Fi de Festa<\/strong><\/p>\n\n\n\n<p>Tots els balls tornen d\u2019ofici en cercavila fins a la pla\u00e7a de la Vila, on hi haur\u00e0 una tronada de final de festa.<\/p>\n\n\n\n<p>Per a m\u00e9s informaci\u00f3, consulteu <a href=\"https:\/\/agendacultural.badalona.cat\/\">agendacultural.badalona.cat<\/a>&nbsp;i seguiu les xarxes socials del Servei de Cultura de l\u2019Ajuntament de Badalona (a Instagram, X i Facebook).<\/p>\n","protected":false},"excerpt":{"rendered":"<p>Del dimecres 14 fins al divendres 16 d\u2019agost Badalona celebra la seva Festa Major per la solemnitat de l\u2019Assumpci\u00f3 de la Mare de D\u00e9u, el dia 15, i de Sant Roc el dia 16 d\u2019agost, patrona i copatr\u00f3 de la ciutat respectivament. Els principals atractius del programa d\u2019activitats d\u2019enguany s\u00f3n la m\u00fasica i la cultura [&hellip;]<\/p>\n","protected":false},"author":2,"featured_media":7471,"comment_status":"closed","ping_status":"open","sticky":false,"template":"","format":"standard","meta":{"footnotes":""},"categories":[25],"tags":[],"class_list":{"0":"post-7470","1":"post","2":"type-post","3":"status-publish","4":"format-standard","5":"has-post-thumbnail","7":"category-cultura"},"_links":{"self":[{"href":"https:\/\/areabadalona.com\/diario\/wp-json\/wp\/v2\/posts\/7470","targetHints":{"allow":["GET"]}}],"collection":[{"href":"https:\/\/areabadalona.com\/diario\/wp-json\/wp\/v2\/posts"}],"about":[{"href":"https:\/\/areabadalona.com\/diario\/wp-json\/wp\/v2\/types\/post"}],"author":[{"embeddable":true,"href":"https:\/\/areabadalona.com\/diario\/wp-json\/wp\/v2\/users\/2"}],"replies":[{"embeddable":true,"href":"https:\/\/areabadalona.com\/diario\/wp-json\/wp\/v2\/comments?post=7470"}],"version-history":[{"count":1,"href":"https:\/\/areabadalona.com\/diario\/wp-json\/wp\/v2\/posts\/7470\/revisions"}],"predecessor-version":[{"id":7472,"href":"https:\/\/areabadalona.com\/diario\/wp-json\/wp\/v2\/posts\/7470\/revisions\/7472"}],"wp:featuredmedia":[{"embeddable":true,"href":"https:\/\/areabadalona.com\/diario\/wp-json\/wp\/v2\/media\/7471"}],"wp:attachment":[{"href":"https:\/\/areabadalona.com\/diario\/wp-json\/wp\/v2\/media?parent=7470"}],"wp:term":[{"taxonomy":"category","embeddable":true,"href":"https:\/\/areabadalona.com\/diario\/wp-json\/wp\/v2\/categories?post=7470"},{"taxonomy":"post_tag","embeddable":true,"href":"https:\/\/areabadalona.com\/diario\/wp-json\/wp\/v2\/tags?post=7470"}],"curies":[{"name":"wp","href":"https:\/\/api.w.org\/{rel}","templated":true}]}}