{"id":7465,"date":"2024-08-19T09:30:13","date_gmt":"2024-08-19T09:30:13","guid":{"rendered":"https:\/\/areabadalona.com\/diario\/?p=7465"},"modified":"2024-08-26T09:30:51","modified_gmt":"2024-08-26T09:30:51","slug":"els-mossos-desquadra-detenen-a-badalona-un-home-que-facilitava-droga-a-menors-dedat-a-canvi-de-favors-sexuals","status":"publish","type":"post","link":"https:\/\/areabadalona.com\/diario\/2024\/08\/19\/els-mossos-desquadra-detenen-a-badalona-un-home-que-facilitava-droga-a-menors-dedat-a-canvi-de-favors-sexuals\/","title":{"rendered":"Els Mossos d&#8217;Esquadra detenen a Badalona un home que facilitava droga a menors d&#8217;edat a canvi de favors sexuals"},"content":{"rendered":"\n<p>Agents de la Policia de la Generalitat &#8211; Mossos d\u2019Esquadra de la Unitat d\u2019Investigaci\u00f3 de la comissaria de Sants-Montju\u00efc van detenir el 8 d\u2019agost a Badalona un home de 52 anys per un delicte de corrupci\u00f3 de menors i tr\u00e0fic de drogues.<\/p>\n\n\n\n<p>La investigaci\u00f3 va comen\u00e7ar a principis de juliol de 2024 arran d\u2019un av\u00eds d\u2019un centre de menors tutelats del districte de Sants-Montju\u00efc. Els responsables van observar com un dels nois repartia pastilles d\u2019\u00e8xtasi a altres joves. La v\u00edctima va explicar que havia conegut un home major d\u2019edat ali\u00e8 al centre que li oferia droga sempre i quan acced\u00eds a mantenir relacions sexuals.<\/p>\n\n\n\n<p>Els agents van comprovar que el detingut subministrava subst\u00e0ncies estupefaents al menor d&#8217;edat a canvi de favors sexuals. L\u2019home hauria tingut contacte amb la v\u00edctima durant aproximadament un any. A m\u00e9s, es treballa amb la hip\u00f2tesi que utilitz\u00e9s altres joves per traficar amb drogues.<\/p>\n\n\n\n<p>La investigaci\u00f3 va permetre localitzar el pis on aquesta persona mantenia relacions amb la v\u00edctima. El 8 d\u2019agost es va dur a terme una entrada i perquisici\u00f3 al domicili i es va identificar i detenir l\u2019home. A m\u00e9s, durant l\u2019escorcoll es van localitzar diverses subst\u00e0ncies estupefaents, una pistola, algunes targetes de cr\u00e8dit i documents d\u2019identitat presumptament sostrets.<\/p>\n\n\n\n<p>El detingut va passar a disposici\u00f3 judicial el 10 d&#8217;agost.<\/p>\n","protected":false},"excerpt":{"rendered":"<p>Agents de la Policia de la Generalitat &#8211; Mossos d\u2019Esquadra de la Unitat d\u2019Investigaci\u00f3 de la comissaria de Sants-Montju\u00efc van detenir el 8 d\u2019agost a Badalona un home de 52 anys per un delicte de corrupci\u00f3 de menors i tr\u00e0fic de drogues. La investigaci\u00f3 va comen\u00e7ar a principis de juliol de 2024 arran d\u2019un av\u00eds [&hellip;]<\/p>\n","protected":false},"author":2,"featured_media":6116,"comment_status":"closed","ping_status":"open","sticky":false,"template":"","format":"standard","meta":{"footnotes":""},"categories":[23],"tags":[],"class_list":{"0":"post-7465","1":"post","2":"type-post","3":"status-publish","4":"format-standard","5":"has-post-thumbnail","7":"category-actualitat"},"_links":{"self":[{"href":"https:\/\/areabadalona.com\/diario\/wp-json\/wp\/v2\/posts\/7465","targetHints":{"allow":["GET"]}}],"collection":[{"href":"https:\/\/areabadalona.com\/diario\/wp-json\/wp\/v2\/posts"}],"about":[{"href":"https:\/\/areabadalona.com\/diario\/wp-json\/wp\/v2\/types\/post"}],"author":[{"embeddable":true,"href":"https:\/\/areabadalona.com\/diario\/wp-json\/wp\/v2\/users\/2"}],"replies":[{"embeddable":true,"href":"https:\/\/areabadalona.com\/diario\/wp-json\/wp\/v2\/comments?post=7465"}],"version-history":[{"count":1,"href":"https:\/\/areabadalona.com\/diario\/wp-json\/wp\/v2\/posts\/7465\/revisions"}],"predecessor-version":[{"id":7466,"href":"https:\/\/areabadalona.com\/diario\/wp-json\/wp\/v2\/posts\/7465\/revisions\/7466"}],"wp:featuredmedia":[{"embeddable":true,"href":"https:\/\/areabadalona.com\/diario\/wp-json\/wp\/v2\/media\/6116"}],"wp:attachment":[{"href":"https:\/\/areabadalona.com\/diario\/wp-json\/wp\/v2\/media?parent=7465"}],"wp:term":[{"taxonomy":"category","embeddable":true,"href":"https:\/\/areabadalona.com\/diario\/wp-json\/wp\/v2\/categories?post=7465"},{"taxonomy":"post_tag","embeddable":true,"href":"https:\/\/areabadalona.com\/diario\/wp-json\/wp\/v2\/tags?post=7465"}],"curies":[{"name":"wp","href":"https:\/\/api.w.org\/{rel}","templated":true}]}}