{"id":7461,"date":"2024-08-19T09:28:20","date_gmt":"2024-08-19T09:28:20","guid":{"rendered":"https:\/\/areabadalona.com\/diario\/?p=7461"},"modified":"2024-08-26T09:29:33","modified_gmt":"2024-08-26T09:29:33","slug":"lajuntament-de-badalona-prohibeix-aparcar-a-les-proximitats-duna-gran-superficie-del-barri-de-montigala-per-evitar-el-transport-il%c2%b7legal-de-material-de-construccio-i-les-molesti","status":"publish","type":"post","link":"https:\/\/areabadalona.com\/diario\/2024\/08\/19\/lajuntament-de-badalona-prohibeix-aparcar-a-les-proximitats-duna-gran-superficie-del-barri-de-montigala-per-evitar-el-transport-il%c2%b7legal-de-material-de-construccio-i-les-molesti\/","title":{"rendered":"L\u2019Ajuntament de Badalona prohibeix aparcar a les proximitats d\u2019una gran superf\u00edcie del barri de Montigal\u00e0 per evitar el transport il\u00b7legal de material de construcci\u00f3 i les mol\u00e8sties als ve\u00efns"},"content":{"rendered":"\n<p>L\u2019Ajuntament de Badalona ha prohibit l\u2019estacionament de vehicles a l\u2019avinguda del Conflent i a altres zones adjacents a l\u2019establiment Obramat, al barri de Montigal\u00e0, per posar fi a la situaci\u00f3 creada per la pres\u00e8ncia habitual de persones que ofereixen un servei il\u00b7legal de transport de material de construcci\u00f3 amb furgonetes que deixen mal estacionades en aquesta zona. Avui s\u2019ha instal\u00b7lat la senyalitzaci\u00f3 corresponent, tant vertical com horitzontal.<\/p>\n\n\n\n<p>L\u2019estacionament incorrecte, sovint a sobre de les voreres, de nombrosos vehicles, i sobretot de furgonetes de transport, davant les portes i als voltants d\u2019aquest comer\u00e7 dedicat a la venda de productes de bricolatge i de la construcci\u00f3, ha provocat reiterades queixes dels ve\u00efns perqu\u00e8 troben moltes dificultats i impediments per poder transitar per aquesta zona.<\/p>\n\n\n\n<p>Aquesta actuaci\u00f3 per ordenar la zona s\u2019afegeix a dues intervencions que va efectuar la Gu\u00e0rdia Urbana de Badalona la setmana passada, en aquest mateix indret, en les quals va retirar 160 quilograms d\u2019aliments peribles \u2013menjar variat, fruita i beguda- conservats en set neveres port\u00e0tils i que comercialitzaven venedors ambulants il\u00b7legals. La Gu\u00e0rdia Urbana va retirar els aliments, que es venien sense cap control sanitari, i va aixecar les corresponents actes.<\/p>\n\n\n\n<p>L\u2019alcalde de Badalona, Xavier Garcia Albiol, ha destacat que \u201ca Badalona no es permeten activitats il\u00b7legals que perjudiquen els comerciants i als aut\u00f2noms que compleixen amb les seves obligacions i paguen els seus impostos\u201d aix\u00ed com tampoc \u201cque es posi en risc la salut de les persones amb aliments que no passen controls sanitaris\u201d.<\/p>\n","protected":false},"excerpt":{"rendered":"<p>L\u2019Ajuntament de Badalona ha prohibit l\u2019estacionament de vehicles a l\u2019avinguda del Conflent i a altres zones adjacents a l\u2019establiment Obramat, al barri de Montigal\u00e0, per posar fi a la situaci\u00f3 creada per la pres\u00e8ncia habitual de persones que ofereixen un servei il\u00b7legal de transport de material de construcci\u00f3 amb furgonetes que deixen mal estacionades en [&hellip;]<\/p>\n","protected":false},"author":2,"featured_media":7462,"comment_status":"closed","ping_status":"open","sticky":false,"template":"","format":"standard","meta":{"footnotes":""},"categories":[23],"tags":[],"class_list":{"0":"post-7461","1":"post","2":"type-post","3":"status-publish","4":"format-standard","5":"has-post-thumbnail","7":"category-actualitat"},"_links":{"self":[{"href":"https:\/\/areabadalona.com\/diario\/wp-json\/wp\/v2\/posts\/7461","targetHints":{"allow":["GET"]}}],"collection":[{"href":"https:\/\/areabadalona.com\/diario\/wp-json\/wp\/v2\/posts"}],"about":[{"href":"https:\/\/areabadalona.com\/diario\/wp-json\/wp\/v2\/types\/post"}],"author":[{"embeddable":true,"href":"https:\/\/areabadalona.com\/diario\/wp-json\/wp\/v2\/users\/2"}],"replies":[{"embeddable":true,"href":"https:\/\/areabadalona.com\/diario\/wp-json\/wp\/v2\/comments?post=7461"}],"version-history":[{"count":1,"href":"https:\/\/areabadalona.com\/diario\/wp-json\/wp\/v2\/posts\/7461\/revisions"}],"predecessor-version":[{"id":7463,"href":"https:\/\/areabadalona.com\/diario\/wp-json\/wp\/v2\/posts\/7461\/revisions\/7463"}],"wp:featuredmedia":[{"embeddable":true,"href":"https:\/\/areabadalona.com\/diario\/wp-json\/wp\/v2\/media\/7462"}],"wp:attachment":[{"href":"https:\/\/areabadalona.com\/diario\/wp-json\/wp\/v2\/media?parent=7461"}],"wp:term":[{"taxonomy":"category","embeddable":true,"href":"https:\/\/areabadalona.com\/diario\/wp-json\/wp\/v2\/categories?post=7461"},{"taxonomy":"post_tag","embeddable":true,"href":"https:\/\/areabadalona.com\/diario\/wp-json\/wp\/v2\/tags?post=7461"}],"curies":[{"name":"wp","href":"https:\/\/api.w.org\/{rel}","templated":true}]}}