{"id":7458,"date":"2024-08-22T08:29:09","date_gmt":"2024-08-22T08:29:09","guid":{"rendered":"https:\/\/areabadalona.com\/diario\/?p=7458"},"modified":"2024-08-26T09:24:57","modified_gmt":"2024-08-26T09:24:57","slug":"lajuntament-de-badalona-amb-la-col%c2%b7laboracio-de-lamb-ofereix-tallers-per-millorar-la-convivencia-amb-gossos-en-els-espais-publics","status":"publish","type":"post","link":"https:\/\/areabadalona.com\/diario\/2024\/08\/22\/lajuntament-de-badalona-amb-la-col%c2%b7laboracio-de-lamb-ofereix-tallers-per-millorar-la-convivencia-amb-gossos-en-els-espais-publics\/","title":{"rendered":"L\u2019Ajuntament de Badalona, amb la col\u00b7laboraci\u00f3 de l\u2019AMB, ofereix tallers per millorar la conviv\u00e8ncia amb gossos en els espais p\u00fablics"},"content":{"rendered":"\n<p>L\u2019Ajuntament de Badalona, en col\u00b7laboraci\u00f3 amb l\u2019\u00c0rea Metropolitana de Barcelona (AMB), ha programat per primera vegada quatre tallers gratu\u00efts que tindran lloc aquesta tardor orientats a con\u00e8ixer i satisfer les necessitats dels gossos, valorant i cuidant alhora l\u2019espai p\u00fablic i millorant la conviv\u00e8ncia entre aquests animals de companyia i les persones.<\/p>\n\n\n\n<p><strong>Fes del teu gos el millor amic del parc. Taller de conviv\u00e8ncia amb gossos<\/strong>&nbsp;est\u00e0 condu\u00eft per un equip professional de dos educadors canins que a trav\u00e9s dels diversos tallers explicaran els diferents recursos per poder conduir els gossos de forma satisfact\u00f2ria, tant a casa com a l\u2019espai p\u00fablic. L\u2019estructura de cada taller \u00e9s de 30 minuts d\u2019explicaci\u00f3 te\u00f2rica, 30 minuts de pr\u00e0ctica i 30 minuts d\u2019atenci\u00f3 a les preguntes.<\/p>\n\n\n\n<p>Els tallers i les dates quan s\u2019impartiran s\u00f3n els seg\u00fcents:<\/p>\n\n\n\n<p><strong>Taller 1. Maneig de l\u2019activitat canina<\/strong><\/p>\n\n\n\n<p>(30 de setembre de 18.30 a 20 hores)<\/p>\n\n\n\n<p>En aquest taller s\u2019explicaran les necessitats de despesa energ\u00e8tica dels gossos en funci\u00f3 de la seva etapa vital i circumstancial, el cansament f\u00edsic vs. estimulaci\u00f3 mental i com ha de ser un passeig de qualitat tant pel gos com per l\u2019hum\u00e0.<\/p>\n\n\n\n<p><strong>Taller 2. Comunicaci\u00f3 canina<\/strong><\/p>\n\n\n\n<p>(7 d\u2019octubre de 18.30 a 20 hores)<\/p>\n\n\n\n<p>Es pret\u00e9n con\u00e8ixer com es comuniquen els gossos, quines expressions utilitzen per a relacionar-se, tant amb les persones com amb altres gossos i d\u2019altres esp\u00e8cies. Es donaran pautes de seguretat per a la relaci\u00f3 entre gossos i els nens.<\/p>\n\n\n\n<p><strong>Taller 3. Conviv\u00e8ncia urbana<\/strong><\/p>\n\n\n\n<p>(14 d\u2019octubre de 18.30 a 20 hores)<\/p>\n\n\n\n<p>S\u2019analitzaran les habituacions i les habilitats b\u00e0siques per a garantir la seguretat en la circulaci\u00f3 amb gossos. Es treballaran les conductes d\u2019obedi\u00e8ncia urbana b\u00e0sica aix\u00ed com el material de passeig adient a cada gos. Es donar\u00e0 a con\u00e8ixer tamb\u00e9 la normativa vigent en mat\u00e8ria de tinen\u00e7a de gossos.<\/p>\n\n\n\n<p><strong>Taller 4. Qu\u00e8 fer quan no podem sortir<\/strong><\/p>\n\n\n\n<p>(21 d\u2019octubre de 18.30 a 20 hores)<\/p>\n\n\n\n<p>Es donaran eines per procurar que el gos faci la despesa energ\u00e8tica necess\u00e0ria per aconseguir estar tranquil a casa quan no hi hagi possibilitat d\u2019estar tota l\u2019estona necess\u00e0ria al carrer. Tamb\u00e9 es plantejaran estrat\u00e8gies en l\u2019\u00fas de l\u2019espai disponible i els materials per a evitar problemes de conviv\u00e8ncia ve\u00efnal.<\/p>\n\n\n\n<p><strong>Inscripcions i requisits<\/strong><\/p>\n\n\n\n<p>Per tal de poder assistir i participar en els tallers cal una inscripci\u00f3 pr\u00e8via al web de l\u2019Ajuntament:<\/p>\n\n\n\n<figure class=\"wp-block-embed\"><div class=\"wp-block-embed__wrapper\">\nhttps:\/\/www.badalona.cat\/ca\/serveis-ajuntament\/mascotes-i-animals\/benestar-animal-1\/copy_of_taller-de-convivencia\n<\/div><\/figure>\n\n\n\n<p>Les inscripcions es poden fer fins al 6 de setembre o fins que s\u2019esgotin les places disponibles.<\/p>\n\n\n\n<p>Per a cada taller hi ha disponibles 20 places d\u2019una persona m\u00e9s el seu gos i s\u2019atorgaran en ordre d\u2019inscripci\u00f3 i sempre que es compleixin els seg\u00fcents requisits:<\/p>\n\n\n\n<p>\u2022 Que la persona participant sigui major d\u2019edat i estigui empadronada al municipi<\/p>\n\n\n\n<p>\u2022 Que l\u2019animal estigui censat<\/p>\n\n\n\n<p>\u2022 En cas de ra\u00e7a GPP, que l\u2019animal tingui llic\u00e8ncia i p\u00f2lissa d\u2019asseguran\u00e7a<\/p>\n\n\n\n<p>\u2022 Que la persona participant tingui un vincle de m\u00e9s de 6 mesos amb l\u2019animal (excepte cadells menors de 6 mesos).<\/p>\n\n\n\n<p>La regidora de Benestar animal, S\u00f2nia Egea, ha explicat que \u201caquesta iniciativa pret\u00e9n canviar certes din\u00e0miques, ja que hi ha molts propietaris de gossos que nom\u00e9s veuen els parcs com un recurs per cansar a l\u2019animal\u201d. \u201cEls tallers pretenen donar a con\u00e8ixer amb m\u00e9s profunditat les necessitats reals dels gossos, per tal de poder oferir recursos per satisfer-les que vagin m\u00e9s enll\u00e0 de fer-los c\u00f3rrer\u201d.<\/p>\n","protected":false},"excerpt":{"rendered":"<p>L\u2019Ajuntament de Badalona, en col\u00b7laboraci\u00f3 amb l\u2019\u00c0rea Metropolitana de Barcelona (AMB), ha programat per primera vegada quatre tallers gratu\u00efts que tindran lloc aquesta tardor orientats a con\u00e8ixer i satisfer les necessitats dels gossos, valorant i cuidant alhora l\u2019espai p\u00fablic i millorant la conviv\u00e8ncia entre aquests animals de companyia i les persones. Fes del teu gos [&hellip;]<\/p>\n","protected":false},"author":2,"featured_media":7459,"comment_status":"closed","ping_status":"open","sticky":false,"template":"","format":"standard","meta":{"footnotes":""},"categories":[23],"tags":[],"class_list":{"0":"post-7458","1":"post","2":"type-post","3":"status-publish","4":"format-standard","5":"has-post-thumbnail","7":"category-actualitat"},"_links":{"self":[{"href":"https:\/\/areabadalona.com\/diario\/wp-json\/wp\/v2\/posts\/7458","targetHints":{"allow":["GET"]}}],"collection":[{"href":"https:\/\/areabadalona.com\/diario\/wp-json\/wp\/v2\/posts"}],"about":[{"href":"https:\/\/areabadalona.com\/diario\/wp-json\/wp\/v2\/types\/post"}],"author":[{"embeddable":true,"href":"https:\/\/areabadalona.com\/diario\/wp-json\/wp\/v2\/users\/2"}],"replies":[{"embeddable":true,"href":"https:\/\/areabadalona.com\/diario\/wp-json\/wp\/v2\/comments?post=7458"}],"version-history":[{"count":1,"href":"https:\/\/areabadalona.com\/diario\/wp-json\/wp\/v2\/posts\/7458\/revisions"}],"predecessor-version":[{"id":7460,"href":"https:\/\/areabadalona.com\/diario\/wp-json\/wp\/v2\/posts\/7458\/revisions\/7460"}],"wp:featuredmedia":[{"embeddable":true,"href":"https:\/\/areabadalona.com\/diario\/wp-json\/wp\/v2\/media\/7459"}],"wp:attachment":[{"href":"https:\/\/areabadalona.com\/diario\/wp-json\/wp\/v2\/media?parent=7458"}],"wp:term":[{"taxonomy":"category","embeddable":true,"href":"https:\/\/areabadalona.com\/diario\/wp-json\/wp\/v2\/categories?post=7458"},{"taxonomy":"post_tag","embeddable":true,"href":"https:\/\/areabadalona.com\/diario\/wp-json\/wp\/v2\/tags?post=7458"}],"curies":[{"name":"wp","href":"https:\/\/api.w.org\/{rel}","templated":true}]}}