{"id":7455,"date":"2024-08-22T08:23:56","date_gmt":"2024-08-22T08:23:56","guid":{"rendered":"https:\/\/areabadalona.com\/diario\/?p=7455"},"modified":"2024-08-26T08:26:25","modified_gmt":"2024-08-26T08:26:25","slug":"lalcalde-de-badalona-lliura-la-bandera-de-badalona-al-nedador-daniel-ferrer-que-participara-en-els-jocs-paralimpics-de-paris-2024","status":"publish","type":"post","link":"https:\/\/areabadalona.com\/diario\/2024\/08\/22\/lalcalde-de-badalona-lliura-la-bandera-de-badalona-al-nedador-daniel-ferrer-que-participara-en-els-jocs-paralimpics-de-paris-2024\/","title":{"rendered":"L\u2019alcalde de Badalona lliura la bandera de Badalona al nedador Daniel Ferrer que participar\u00e0 en els Jocs Paral\u00edmpics de Par\u00eds 2024"},"content":{"rendered":"\n<p>L\u2019alcalde de Badalona, Xavier Garcia Albiol, ha lliurat avui la bandera de Badalona a l\u2019esportista badalon\u00ed Daniel Ferrer Robles, que participar\u00e0 en els Jocs Paral\u00edmpics de Par\u00eds 2024 com a integrant de la delegaci\u00f3 de nataci\u00f3 del Comit\u00e8 Paral\u00edmpic Espanyol. L\u2019Ajuntament tamb\u00e9 far\u00e0 arribar una bandera a l\u2019atleta badalonina Melani Berges G\u00e1mez que participar\u00e0 en la prova de 100 M T12 i que ja es troba a Madrid.<\/p>\n\n\n\n<p>Tant l\u2019alcalde com la quarta tinenta d\u2019alcaldia, Rosa del Amo, i el regidor d\u2019Esports, Juan Jos\u00e9 Portillo han desitjat al nedador tot l\u2019\u00e8xit en les 5 proves que disputar\u00e0. L\u2019alcalde ha explicat que ha lliurat al nedador la bandera de la ciutat \u201cperqu\u00e8 la porti fins a dalt de tot\u201d i li ha expressat el suport en nom de la ciutat. \u201cDaniel Ferrer viatja a Par\u00eds amb moltes opcions de disputar fins a cinc finals\u201d, ha manifestat l\u2019alcalde. \u201cLi desitgem tota la sort i que gaudeixi de l\u2019experi\u00e8ncia\u201d, ha afegit.<\/p>\n\n\n\n<p>Daniel Ferrer Daniel Ferrer (23\/08\/2002 -Badalona-) va comen\u00e7ar a competir l\u2019any 2024. L\u2019any 2018 es va proclamar campi\u00f3 d\u2019Espanya en relleus 4&#215;50 lliures i va guanyar dues medalles d\u2019or als <em>World Games<\/em>. Daniel Ferrer ha estat 4 vegades campi\u00f3 d\u2019Espanya en relleus 4&#215;50 lliures, dues vegades campi\u00f3 de Catalunya de 100 metres esquena (2020 i 2021) i una vegada campi\u00f3 de Catalunya de 150 metres estils (2020).<\/p>\n\n\n\n<p>El nedador de nataci\u00f3 adaptada del CN Matar\u00f3 va fer el r\u00e8cord d\u2019Espanya l\u2019any 2023 de 50 metres esquena, bra\u00e7a i estils i, en aquell mateix any, va obtenir dues medalles de plata en 50 metres esquena i 50 metres lliures a la categoria S3 en el Campionat del M\u00f3n de Nataci\u00f3 Paral\u00edmpica que va tenir lloc a Manchester (Regne Unit).<\/p>\n\n\n\n<p>Daniel Ferrer \u00e9s un dels 150 esportistes paral\u00edmpics que integren la delegaci\u00f3 espanyola que participar\u00e0 en els Jocs Paral\u00edmpics de Par\u00eds 2024 que tindran lloc a la capital francesa del 28 d\u2019agost al 8 de setembre.<\/p>\n","protected":false},"excerpt":{"rendered":"<p>L\u2019alcalde de Badalona, Xavier Garcia Albiol, ha lliurat avui la bandera de Badalona a l\u2019esportista badalon\u00ed Daniel Ferrer Robles, que participar\u00e0 en els Jocs Paral\u00edmpics de Par\u00eds 2024 com a integrant de la delegaci\u00f3 de nataci\u00f3 del Comit\u00e8 Paral\u00edmpic Espanyol. L\u2019Ajuntament tamb\u00e9 far\u00e0 arribar una bandera a l\u2019atleta badalonina Melani Berges G\u00e1mez que participar\u00e0 en [&hellip;]<\/p>\n","protected":false},"author":2,"featured_media":7456,"comment_status":"closed","ping_status":"open","sticky":false,"template":"","format":"standard","meta":{"footnotes":""},"categories":[26],"tags":[],"class_list":{"0":"post-7455","1":"post","2":"type-post","3":"status-publish","4":"format-standard","5":"has-post-thumbnail","7":"category-esports"},"_links":{"self":[{"href":"https:\/\/areabadalona.com\/diario\/wp-json\/wp\/v2\/posts\/7455","targetHints":{"allow":["GET"]}}],"collection":[{"href":"https:\/\/areabadalona.com\/diario\/wp-json\/wp\/v2\/posts"}],"about":[{"href":"https:\/\/areabadalona.com\/diario\/wp-json\/wp\/v2\/types\/post"}],"author":[{"embeddable":true,"href":"https:\/\/areabadalona.com\/diario\/wp-json\/wp\/v2\/users\/2"}],"replies":[{"embeddable":true,"href":"https:\/\/areabadalona.com\/diario\/wp-json\/wp\/v2\/comments?post=7455"}],"version-history":[{"count":1,"href":"https:\/\/areabadalona.com\/diario\/wp-json\/wp\/v2\/posts\/7455\/revisions"}],"predecessor-version":[{"id":7457,"href":"https:\/\/areabadalona.com\/diario\/wp-json\/wp\/v2\/posts\/7455\/revisions\/7457"}],"wp:featuredmedia":[{"embeddable":true,"href":"https:\/\/areabadalona.com\/diario\/wp-json\/wp\/v2\/media\/7456"}],"wp:attachment":[{"href":"https:\/\/areabadalona.com\/diario\/wp-json\/wp\/v2\/media?parent=7455"}],"wp:term":[{"taxonomy":"category","embeddable":true,"href":"https:\/\/areabadalona.com\/diario\/wp-json\/wp\/v2\/categories?post=7455"},{"taxonomy":"post_tag","embeddable":true,"href":"https:\/\/areabadalona.com\/diario\/wp-json\/wp\/v2\/tags?post=7455"}],"curies":[{"name":"wp","href":"https:\/\/api.w.org\/{rel}","templated":true}]}}