{"id":7408,"date":"2024-07-17T11:44:29","date_gmt":"2024-07-17T11:44:29","guid":{"rendered":"https:\/\/areabadalona.com\/diario\/?p=7408"},"modified":"2024-07-17T11:44:29","modified_gmt":"2024-07-17T11:44:29","slug":"els-mossos-desquadra-detenen-tres-homes-relacionats-amb-una-plantacio-de-marihuana-a-badalona","status":"publish","type":"post","link":"https:\/\/areabadalona.com\/diario\/2024\/07\/17\/els-mossos-desquadra-detenen-tres-homes-relacionats-amb-una-plantacio-de-marihuana-a-badalona\/","title":{"rendered":"Els Mossos d\u2019Esquadra detenen tres homes relacionats amb una plantaci\u00f3 de marihuana a Badalona"},"content":{"rendered":"\n<p>Agents de la Policia de la Generalitat \u2013 Mossos d&#8217;Esquadra de la Unitat d\u2019Investigaci\u00f3 de Badalona van detenir, el 12 de juliol, tres homes de 21, 22 i 30 anys, com a presumptes autors d\u2019un delicte contra la salut p\u00fablica.<\/p>\n\n\n\n<p>Els Mossos van rebre un av\u00eds en qu\u00e8 s\u2019informava que en una nau industrial de Badalona podria haver-hi una plantaci\u00f3 de marihuana. Els agents van adre\u00e7ar-se al lloc i van detenir tres homes, dos d\u2019ells es trobaven fora de la nau mentre que el tercer va intentar fugir per la teulada.<\/p>\n\n\n\n<p>El mateix dia es va realitzar una entrada i perquisici\u00f3 a l\u2019interior de la nau on van localitzar una infraestructura amb ventiladors, extractors, aires condicionats i m\u00e9s de 900 plantes de marihuana en proc\u00e9s de creixement.<\/p>\n\n\n\n<p>Els detinguts van passar a disposici\u00f3 judicial el 14 de juliol davant del jutjat d\u2019instrucci\u00f3 en funcions de gu\u00e0rdia de Badalona.<\/p>\n","protected":false},"excerpt":{"rendered":"<p>Agents de la Policia de la Generalitat \u2013 Mossos d&#8217;Esquadra de la Unitat d\u2019Investigaci\u00f3 de Badalona van detenir, el 12 de juliol, tres homes de 21, 22 i 30 anys, com a presumptes autors d\u2019un delicte contra la salut p\u00fablica. Els Mossos van rebre un av\u00eds en qu\u00e8 s\u2019informava que en una nau industrial de [&hellip;]<\/p>\n","protected":false},"author":2,"featured_media":7409,"comment_status":"closed","ping_status":"open","sticky":false,"template":"","format":"standard","meta":{"footnotes":""},"categories":[23],"tags":[],"class_list":{"0":"post-7408","1":"post","2":"type-post","3":"status-publish","4":"format-standard","5":"has-post-thumbnail","7":"category-actualitat"},"_links":{"self":[{"href":"https:\/\/areabadalona.com\/diario\/wp-json\/wp\/v2\/posts\/7408","targetHints":{"allow":["GET"]}}],"collection":[{"href":"https:\/\/areabadalona.com\/diario\/wp-json\/wp\/v2\/posts"}],"about":[{"href":"https:\/\/areabadalona.com\/diario\/wp-json\/wp\/v2\/types\/post"}],"author":[{"embeddable":true,"href":"https:\/\/areabadalona.com\/diario\/wp-json\/wp\/v2\/users\/2"}],"replies":[{"embeddable":true,"href":"https:\/\/areabadalona.com\/diario\/wp-json\/wp\/v2\/comments?post=7408"}],"version-history":[{"count":1,"href":"https:\/\/areabadalona.com\/diario\/wp-json\/wp\/v2\/posts\/7408\/revisions"}],"predecessor-version":[{"id":7410,"href":"https:\/\/areabadalona.com\/diario\/wp-json\/wp\/v2\/posts\/7408\/revisions\/7410"}],"wp:featuredmedia":[{"embeddable":true,"href":"https:\/\/areabadalona.com\/diario\/wp-json\/wp\/v2\/media\/7409"}],"wp:attachment":[{"href":"https:\/\/areabadalona.com\/diario\/wp-json\/wp\/v2\/media?parent=7408"}],"wp:term":[{"taxonomy":"category","embeddable":true,"href":"https:\/\/areabadalona.com\/diario\/wp-json\/wp\/v2\/categories?post=7408"},{"taxonomy":"post_tag","embeddable":true,"href":"https:\/\/areabadalona.com\/diario\/wp-json\/wp\/v2\/tags?post=7408"}],"curies":[{"name":"wp","href":"https:\/\/api.w.org\/{rel}","templated":true}]}}