{"id":7405,"date":"2024-07-17T11:41:11","date_gmt":"2024-07-17T11:41:11","guid":{"rendered":"https:\/\/areabadalona.com\/diario\/?p=7405"},"modified":"2024-07-17T11:41:12","modified_gmt":"2024-07-17T11:41:12","slug":"el-departament-de-joventut-de-lajuntament-de-badalona-crida-els-joves-a-descobrir-dema-el-badiu-jove-amb-una-tarda-360o","status":"publish","type":"post","link":"https:\/\/areabadalona.com\/diario\/2024\/07\/17\/el-departament-de-joventut-de-lajuntament-de-badalona-crida-els-joves-a-descobrir-dema-el-badiu-jove-amb-una-tarda-360o\/","title":{"rendered":"El Departament de Joventut de l\u2019Ajuntament de Badalona crida els joves a descobrir dem\u00e0 el Badiu Jove amb una tarda 360\u00ba"},"content":{"rendered":"\n<p><strong>Avui dimecres, 17 de juliol, de 17 a 21 hores<\/strong>, el Departament de Joventut organitza la tarda del \u00abBadiu Jove 360\u00ba\u00bb una activitat que t\u00e9 com a objectiu donar a con\u00e8ixer els recursos, programes i serveis que ofereix aquest equipament de la ciutat mitjan\u00e7ant un circuit de proves, una activitat art\u00edstica i la gravaci\u00f3 d\u2019un v\u00eddeo 360\u00ba.<\/p>\n\n\n\n<p>&nbsp;L\u2019activitat, per a la qual no cal inscripci\u00f3 pr\u00e8via, va adre\u00e7ada a joves de 12 a 35 anys. Organitzats en equips de dues a quatre persones, els joves realitzaran el recorregut del circuit de proves per con\u00e8ixer cadascun dels espais d\u2019acompanyament del Badiu Jove: els espais d\u2019Ocupaci\u00f3, Mobilitat, Acompanyament Emocional, Prevenci\u00f3 de les Addiccions, Formaci\u00f3 i LGTBIQ+.&nbsp;<\/p>\n\n\n\n<p>&nbsp;A m\u00e9s de la part del circuit que es far\u00e0 dins del Badiu, a l\u2019exterior, a la pla\u00e7a de Josep Verg\u00e9s Vallmajor, hi haur\u00e0 instal\u00b7lada carpa informativa i un espai creatiu on els joves podran deixar la seva empremta art\u00edstica amb un grafit i on podran gravar un v\u00eddeo espectacular i divertit amb una c\u00e0mera <em>sky aerea<\/em>&nbsp;360\u00ba. Els cinquanta primers participants que completin el circuit seran recompensats amb un val regal per a dues persones amb el qual podran gaudir gratu\u00eftament d\u2019activitats n\u00e0utiques com ara Kayak o paddle Surf.<\/p>\n\n\n\n<p>A m\u00e9s, hi haur\u00e0 una b\u00fastia de suggeriments per poder deixar les idees i propostes sobre les accions, programes i activitats que s&#8217;organitzen al Badiu Jove.&nbsp;<\/p>\n\n\n\n<p>El Badiu Jove de Badalona \u00e9s un espai de refer\u00e8ncia per als joves on s\u2019ofereixen diferents serveis i programes amb la finalitat de proporcionar informaci\u00f3 i recursos necessaris per aconseguir una total integraci\u00f3 social i laboral. L\u2019equipament est\u00e0 situat al carrer d\u2019Ausi\u00e0s Marc, 61.<\/p>\n\n\n\n<p>La regidora de Joventut, Odalys S\u00e1nchez, ha animat els joves a participar en aquesta jornada, per con\u00e8ixer la funci\u00f3 del Badiu Jove i ha explicat que \u201caquesta \u00e9s una oportunitat de con\u00e8ixer el Badiu Jove d&#8217;una manera divertida i din\u00e0mica\u201d.<\/p>\n\n\n\n<p>&nbsp;Per m\u00e9s informaci\u00f3 podeu contactar amb el Badiu Jove trucant al tel\u00e8fon 93 483 29 34, de 10 a 14 i de 16 a 20 hores.<\/p>\n","protected":false},"excerpt":{"rendered":"<p>Avui dimecres, 17 de juliol, de 17 a 21 hores, el Departament de Joventut organitza la tarda del \u00abBadiu Jove 360\u00ba\u00bb una activitat que t\u00e9 com a objectiu donar a con\u00e8ixer els recursos, programes i serveis que ofereix aquest equipament de la ciutat mitjan\u00e7ant un circuit de proves, una activitat art\u00edstica i la gravaci\u00f3 d\u2019un [&hellip;]<\/p>\n","protected":false},"author":2,"featured_media":7406,"comment_status":"closed","ping_status":"open","sticky":false,"template":"","format":"standard","meta":{"footnotes":""},"categories":[23],"tags":[],"class_list":{"0":"post-7405","1":"post","2":"type-post","3":"status-publish","4":"format-standard","5":"has-post-thumbnail","7":"category-actualitat"},"_links":{"self":[{"href":"https:\/\/areabadalona.com\/diario\/wp-json\/wp\/v2\/posts\/7405","targetHints":{"allow":["GET"]}}],"collection":[{"href":"https:\/\/areabadalona.com\/diario\/wp-json\/wp\/v2\/posts"}],"about":[{"href":"https:\/\/areabadalona.com\/diario\/wp-json\/wp\/v2\/types\/post"}],"author":[{"embeddable":true,"href":"https:\/\/areabadalona.com\/diario\/wp-json\/wp\/v2\/users\/2"}],"replies":[{"embeddable":true,"href":"https:\/\/areabadalona.com\/diario\/wp-json\/wp\/v2\/comments?post=7405"}],"version-history":[{"count":1,"href":"https:\/\/areabadalona.com\/diario\/wp-json\/wp\/v2\/posts\/7405\/revisions"}],"predecessor-version":[{"id":7407,"href":"https:\/\/areabadalona.com\/diario\/wp-json\/wp\/v2\/posts\/7405\/revisions\/7407"}],"wp:featuredmedia":[{"embeddable":true,"href":"https:\/\/areabadalona.com\/diario\/wp-json\/wp\/v2\/media\/7406"}],"wp:attachment":[{"href":"https:\/\/areabadalona.com\/diario\/wp-json\/wp\/v2\/media?parent=7405"}],"wp:term":[{"taxonomy":"category","embeddable":true,"href":"https:\/\/areabadalona.com\/diario\/wp-json\/wp\/v2\/categories?post=7405"},{"taxonomy":"post_tag","embeddable":true,"href":"https:\/\/areabadalona.com\/diario\/wp-json\/wp\/v2\/tags?post=7405"}],"curies":[{"name":"wp","href":"https:\/\/api.w.org\/{rel}","templated":true}]}}