{"id":7256,"date":"2024-06-19T18:06:00","date_gmt":"2024-06-19T18:06:00","guid":{"rendered":"https:\/\/areabadalona.com\/diario\/?p=7256"},"modified":"2024-06-20T08:07:03","modified_gmt":"2024-06-20T08:07:03","slug":"el-cartell-de-la-50a-edicio-de-filmets-badalona-film-festival-es-obra-de-patricia-chaparro-ruiz-alumna-de-lescola-dart-pau-gargallo-de-badalona","status":"publish","type":"post","link":"https:\/\/areabadalona.com\/diario\/2024\/06\/19\/el-cartell-de-la-50a-edicio-de-filmets-badalona-film-festival-es-obra-de-patricia-chaparro-ruiz-alumna-de-lescola-dart-pau-gargallo-de-badalona\/","title":{"rendered":"El cartell de la 50a edici\u00f3 de FILMETS Badalona Film Festival \u00e9s obra de Patricia Chaparro Ruiz, alumna de l\u2019Escola d\u2019Art Pau Gargallo de Badalona"},"content":{"rendered":"\n<p>El cartell de l\u2019edici\u00f3 d\u2019aquest any de FILMETS Badalona Film Festival \u00e9s obra de la dissenyadora <strong>Patricia Chaparro Ruiz,<\/strong> de 22 anys, il\u00b7lustradora que ha estudiat un Grau Superior d\u2019Il\u00b7lustraci\u00f3 a l\u2019Escola d\u2019Art Pau Gargallo de Badalona.<\/p>\n\n\n\n<p>El cartell ser\u00e0 la imatge de la 50a edici\u00f3 de FILMETS que es far\u00e0 del 18 al 27 d\u2019octubre, i mostra segons l\u2019autora del cartell \u00abla hist\u00f2ria cinematogr\u00e0fica del festival i la connexi\u00f3 emocional que uneix les diferents generacions, tant davant com darrere de les c\u00e0meres\u00bb.<\/p>\n\n\n\n<p>Patricia Chaparro Ruiz ha explicat que \u00abla pres\u00e8ncia en el cartell de persones de diferents edats encarna la diversitat de p\u00fablic, aix\u00ed com la visibilitat dels cineastes i professionals que contribueixen a l\u2019\u00e8xit de FILMETS\u00bb.<\/p>\n\n\n\n<p><a><\/a>Finalment, Patricia Chaparro explica que \u00abel cartell de la 50<sup>a<\/sup> edici\u00f3 de FILMETS \u00e9s un homenatge al passat, present i futur del festival, buscant transmetre l\u2019alegria compartida, el llegat cinematogr\u00e0fic i el sentiment d\u2019unitat que ha inspirat al llarg de la seva hist\u00f2ria, gaudint de la m\u00e0gia del cinema\u00bb.<\/p>\n\n\n\n<p><strong>Georgina Alc\u00e0cer<\/strong>, professora de l\u2019Escola d\u2019Art Pau Gargallo, ha explicat que \u00abper als nostres alumnes, participar en el concurs per triar el cartell de FILMETS \u00e9s un gran alicient ja que saben que qui guany veur\u00e0 la seva obra exposada per tota la ciutat. A nivell acad\u00e8mic \u00e9s un repte on hi treballem tots molt a gust\u00bb.<\/p>\n\n\n\n<p>El director general de Badalona Comunicaci\u00f3, <strong>Xavier Casanovas<\/strong>, ha dit que \u00abper a la 50a edici\u00f3, a banda del teatre d&#8217;El C\u00edrcol, tamb\u00e9 tindrem com a seu el Museu de Badalona. I \u00e9s que el festival FILMETS va n\u00e9ixer al Museu de Badalona l&#8217;any 1969 amb el nom de Certamen de Cinema Amateur. Volem que la 50a edici\u00f3 de FILMETS sigui una fefsta on s&#8217;hi impliqui tota la ciutadania\u00bb<\/p>\n\n\n\n<p>Aquest cartell ser\u00e0 la imatge gr\u00e0fica de l\u2019edici\u00f3 de 2024 de FILMETS i es podr\u00e0 veure a les banderoles i en tots els suports comunicatius del festival de curtmetratges.<\/p>\n\n\n\n<p>Com cada any, els alumnes l\u2019Escola d\u2019Art Pau Gargallo de Badalona participen en un concurs per a la creaci\u00f3 del cartell del festival FILMETS. La tutora de Patricia Chaparro Ruiz ha estat la professora Georgina Alc\u00e0cer.<\/p>\n\n\n\n<p><strong>El teatre d\u2019El C\u00edrcol, nova seu oficial de FILMETS<\/strong><\/p>\n\n\n\n<p>La presentaci\u00f3 del cartell de la 50<sup>a<\/sup> edici\u00f3 de FILMETS s\u2019ha fet al teatre d\u2019El C\u00edrcol, ubicat al centre de Badalona. Aquest teatre ser\u00e0 Seu Oficial Competitiva de FILMETS despr\u00e9s de molts anys de no ser-ho.<\/p>\n","protected":false},"excerpt":{"rendered":"<p>El cartell de l\u2019edici\u00f3 d\u2019aquest any de FILMETS Badalona Film Festival \u00e9s obra de la dissenyadora Patricia Chaparro Ruiz, de 22 anys, il\u00b7lustradora que ha estudiat un Grau Superior d\u2019Il\u00b7lustraci\u00f3 a l\u2019Escola d\u2019Art Pau Gargallo de Badalona. El cartell ser\u00e0 la imatge de la 50a edici\u00f3 de FILMETS que es far\u00e0 del 18 al 27 [&hellip;]<\/p>\n","protected":false},"author":2,"featured_media":7257,"comment_status":"closed","ping_status":"open","sticky":false,"template":"","format":"standard","meta":{"footnotes":""},"categories":[25],"tags":[],"class_list":{"0":"post-7256","1":"post","2":"type-post","3":"status-publish","4":"format-standard","5":"has-post-thumbnail","7":"category-cultura"},"_links":{"self":[{"href":"https:\/\/areabadalona.com\/diario\/wp-json\/wp\/v2\/posts\/7256","targetHints":{"allow":["GET"]}}],"collection":[{"href":"https:\/\/areabadalona.com\/diario\/wp-json\/wp\/v2\/posts"}],"about":[{"href":"https:\/\/areabadalona.com\/diario\/wp-json\/wp\/v2\/types\/post"}],"author":[{"embeddable":true,"href":"https:\/\/areabadalona.com\/diario\/wp-json\/wp\/v2\/users\/2"}],"replies":[{"embeddable":true,"href":"https:\/\/areabadalona.com\/diario\/wp-json\/wp\/v2\/comments?post=7256"}],"version-history":[{"count":1,"href":"https:\/\/areabadalona.com\/diario\/wp-json\/wp\/v2\/posts\/7256\/revisions"}],"predecessor-version":[{"id":7258,"href":"https:\/\/areabadalona.com\/diario\/wp-json\/wp\/v2\/posts\/7256\/revisions\/7258"}],"wp:featuredmedia":[{"embeddable":true,"href":"https:\/\/areabadalona.com\/diario\/wp-json\/wp\/v2\/media\/7257"}],"wp:attachment":[{"href":"https:\/\/areabadalona.com\/diario\/wp-json\/wp\/v2\/media?parent=7256"}],"wp:term":[{"taxonomy":"category","embeddable":true,"href":"https:\/\/areabadalona.com\/diario\/wp-json\/wp\/v2\/categories?post=7256"},{"taxonomy":"post_tag","embeddable":true,"href":"https:\/\/areabadalona.com\/diario\/wp-json\/wp\/v2\/tags?post=7256"}],"curies":[{"name":"wp","href":"https:\/\/api.w.org\/{rel}","templated":true}]}}