{"id":7249,"date":"2024-06-19T11:53:44","date_gmt":"2024-06-19T11:53:44","guid":{"rendered":"https:\/\/areabadalona.com\/diario\/?p=7249"},"modified":"2024-06-19T11:53:45","modified_gmt":"2024-06-19T11:53:45","slug":"els-mossos-desquadra-i-la-guardia-urbana-de-badalona-intervenen-prop-de-4-quilograms-de-marihuana-i-haixix-en-un-operatiu-conjunt-en-una-associacio-de-cannabis-del-carrer-den-guixera","status":"publish","type":"post","link":"https:\/\/areabadalona.com\/diario\/2024\/06\/19\/els-mossos-desquadra-i-la-guardia-urbana-de-badalona-intervenen-prop-de-4-quilograms-de-marihuana-i-haixix-en-un-operatiu-conjunt-en-una-associacio-de-cannabis-del-carrer-den-guixera\/","title":{"rendered":"Els Mossos d\u2019Esquadra i la Gu\u00e0rdia Urbana de Badalona intervenen prop de 4 quilograms de marihuana i haixix en un operatiu conjunt en una associaci\u00f3 de c\u00e0nnabis del carrer d\u2019en Guixeras"},"content":{"rendered":"\n<p>El passat dijous 13 de juny al vespre els Mossos d\u2019Esquadra i la Gu\u00e0rdia Urbana de Badalona van realitzar un operatiu conjunt a un club cann\u00e0bic del carrer d\u2019en Guixeras.<\/p>\n\n\n\n<p>L\u2019actuaci\u00f3 policial va saldar-se amb el decom\u00eds de 3 quilograms de marihuana, 500 grams d\u2019haixix, 150 grams de resina d\u2019haixix i un total de 70 cigarretes de c\u00e0nnabis ja preparades per al consum. A m\u00e9s de les drogues, tamb\u00e9 es va trobar a l\u2019interior del local 2.900 euros en efectiu. La Gu\u00e0rdia Urbana tamb\u00e9 va aixecar 7 actes administratives per diferents irregularitats detectades durant l&#8217;operaci\u00f3.<\/p>\n\n\n\n<p>L\u2019alcalde de Badalona, Xavier Garcia Albiol, ha reafirmat el seu comprom\u00eds amb la seguretat i el benestar de la ciutadania i ha destacat una vegada m\u00e9s la import\u00e0ncia de la col\u00b7laboraci\u00f3 policial. \u201cEn operacions com aquesta demostren la import\u00e0ncia que la Gu\u00e0rdia Urbana de Badalona treballi conjuntament amb altres cossos de&nbsp; seguretat, com en aquest cas amb els Mossos d\u2019Esquadra, per erradicar el tr\u00e0fic de drogues i totes aquelles activitats il\u00b7legals que posen en perill la conviv\u00e8ncia i la salut p\u00fablica\u201d, ha afirmat.<\/p>\n","protected":false},"excerpt":{"rendered":"<p>El passat dijous 13 de juny al vespre els Mossos d\u2019Esquadra i la Gu\u00e0rdia Urbana de Badalona van realitzar un operatiu conjunt a un club cann\u00e0bic del carrer d\u2019en Guixeras. L\u2019actuaci\u00f3 policial va saldar-se amb el decom\u00eds de 3 quilograms de marihuana, 500 grams d\u2019haixix, 150 grams de resina d\u2019haixix i un total de 70 [&hellip;]<\/p>\n","protected":false},"author":2,"featured_media":7250,"comment_status":"closed","ping_status":"open","sticky":false,"template":"","format":"standard","meta":{"footnotes":""},"categories":[23],"tags":[],"class_list":{"0":"post-7249","1":"post","2":"type-post","3":"status-publish","4":"format-standard","5":"has-post-thumbnail","7":"category-actualitat"},"_links":{"self":[{"href":"https:\/\/areabadalona.com\/diario\/wp-json\/wp\/v2\/posts\/7249","targetHints":{"allow":["GET"]}}],"collection":[{"href":"https:\/\/areabadalona.com\/diario\/wp-json\/wp\/v2\/posts"}],"about":[{"href":"https:\/\/areabadalona.com\/diario\/wp-json\/wp\/v2\/types\/post"}],"author":[{"embeddable":true,"href":"https:\/\/areabadalona.com\/diario\/wp-json\/wp\/v2\/users\/2"}],"replies":[{"embeddable":true,"href":"https:\/\/areabadalona.com\/diario\/wp-json\/wp\/v2\/comments?post=7249"}],"version-history":[{"count":1,"href":"https:\/\/areabadalona.com\/diario\/wp-json\/wp\/v2\/posts\/7249\/revisions"}],"predecessor-version":[{"id":7251,"href":"https:\/\/areabadalona.com\/diario\/wp-json\/wp\/v2\/posts\/7249\/revisions\/7251"}],"wp:featuredmedia":[{"embeddable":true,"href":"https:\/\/areabadalona.com\/diario\/wp-json\/wp\/v2\/media\/7250"}],"wp:attachment":[{"href":"https:\/\/areabadalona.com\/diario\/wp-json\/wp\/v2\/media?parent=7249"}],"wp:term":[{"taxonomy":"category","embeddable":true,"href":"https:\/\/areabadalona.com\/diario\/wp-json\/wp\/v2\/categories?post=7249"},{"taxonomy":"post_tag","embeddable":true,"href":"https:\/\/areabadalona.com\/diario\/wp-json\/wp\/v2\/tags?post=7249"}],"curies":[{"name":"wp","href":"https:\/\/api.w.org\/{rel}","templated":true}]}}