{"id":7243,"date":"2024-06-19T11:49:13","date_gmt":"2024-06-19T11:49:13","guid":{"rendered":"https:\/\/areabadalona.com\/diario\/?p=7243"},"modified":"2024-06-19T11:49:14","modified_gmt":"2024-06-19T11:49:14","slug":"carrera-qualifica-el-primer-any-dalbiol-com-lany-de-la-decepcio","status":"publish","type":"post","link":"https:\/\/areabadalona.com\/diario\/2024\/06\/19\/carrera-qualifica-el-primer-any-dalbiol-com-lany-de-la-decepcio\/","title":{"rendered":"Carrera qualifica el primer any d&#8217;Albiol com l&#8217;any de la decepci\u00f3"},"content":{"rendered":"\n<p><br>El president del grup municipal del PSC, Fernando Carrera, ha fet balan\u00e7, en una roda de premsa davant dels mitjans de comunicaci\u00f3, del primer any del govern del PP. Carrera ha presentat un seguit de 10 promeses incompletes per part del govern d&#8217;Albiol.&nbsp;Carrera&nbsp;ha considerat que hem passat de l&#8217;any de la transformaci\u00f3, com deia l&#8217;alcalde, a \u00abl&#8217;any dels titulars i el fum\u00bb. Pel que fa a l&#8217;administraci\u00f3 municipal, el govern del PP ha estat incapa\u00e7 de capgirar la situaci\u00f3 ca\u00f2tica que pateix l&#8217;Ajuntament. La prova, s\u00f3n les desenes de contractes que han patit retards o directament no han tirat endavant, durant el darrer any. A m\u00e9s, el fet que els tinents d&#8217;alcalde estiguin a mitja jornada, pels seus compromisos al Parlament o b\u00e9 al Congr\u00e9s, no han ajudat a desencallar la situaci\u00f3. Carrera tamb\u00e9 han posat la lupa en la seguretat, on les dades del primer trimestre a Badalona han estat del tot negatives, amb una pujada dels delictes d&#8217;un 15%,segons dades del Ministeri d&#8217;Interior. A m\u00e9s, durant el darrer any, la situaci\u00f3 a la plantilla de la Gu\u00e0rdia Urbana no ha millorat, i el regidor de seguretat s&#8217;ha dedicat a triar el parquet del seu despatx i no pas a complir amb les promeses de millorar les condicions dels agents, segons ha explicat Carrera. Altres temes que preocupen al PSC, d&#8217;aquest primer any de mandat, s\u00f3n la neteja dels contenidors, la situaci\u00f3 dels equipaments municipals, les \u00abfake news\u00bb del departament de Comunicaci\u00f3, la manca de concreci\u00f3 de la construcci\u00f3 dels nous dip\u00f2sits pluvials o la situaci\u00f3 dels mercats municipals. Carrera ha concl\u00f2s la roda de premsa denunciant que durant aquest any tots els projectes presentats pel govern d&#8217;Albiol s\u00f3n d&#8217;altres administracions, com l&#8217;AMB. Carrera ha concl\u00f2s amb el desig que l&#8217;Ajuntament funcioni, de fet el PSC ha ajudat el govern local amb propostes que s&#8217;han incl\u00f2s en el pressupost, i ara volem que es compleixin.<\/p>\n","protected":false},"excerpt":{"rendered":"<p>El president del grup municipal del PSC, Fernando Carrera, ha fet balan\u00e7, en una roda de premsa davant dels mitjans de comunicaci\u00f3, del primer any del govern del PP. Carrera ha presentat un seguit de 10 promeses incompletes per part del govern d&#8217;Albiol.&nbsp;Carrera&nbsp;ha considerat que hem passat de l&#8217;any de la transformaci\u00f3, com deia l&#8217;alcalde, [&hellip;]<\/p>\n","protected":false},"author":2,"featured_media":7244,"comment_status":"closed","ping_status":"open","sticky":false,"template":"","format":"standard","meta":{"footnotes":""},"categories":[23],"tags":[],"class_list":{"0":"post-7243","1":"post","2":"type-post","3":"status-publish","4":"format-standard","5":"has-post-thumbnail","7":"category-actualitat"},"_links":{"self":[{"href":"https:\/\/areabadalona.com\/diario\/wp-json\/wp\/v2\/posts\/7243","targetHints":{"allow":["GET"]}}],"collection":[{"href":"https:\/\/areabadalona.com\/diario\/wp-json\/wp\/v2\/posts"}],"about":[{"href":"https:\/\/areabadalona.com\/diario\/wp-json\/wp\/v2\/types\/post"}],"author":[{"embeddable":true,"href":"https:\/\/areabadalona.com\/diario\/wp-json\/wp\/v2\/users\/2"}],"replies":[{"embeddable":true,"href":"https:\/\/areabadalona.com\/diario\/wp-json\/wp\/v2\/comments?post=7243"}],"version-history":[{"count":1,"href":"https:\/\/areabadalona.com\/diario\/wp-json\/wp\/v2\/posts\/7243\/revisions"}],"predecessor-version":[{"id":7245,"href":"https:\/\/areabadalona.com\/diario\/wp-json\/wp\/v2\/posts\/7243\/revisions\/7245"}],"wp:featuredmedia":[{"embeddable":true,"href":"https:\/\/areabadalona.com\/diario\/wp-json\/wp\/v2\/media\/7244"}],"wp:attachment":[{"href":"https:\/\/areabadalona.com\/diario\/wp-json\/wp\/v2\/media?parent=7243"}],"wp:term":[{"taxonomy":"category","embeddable":true,"href":"https:\/\/areabadalona.com\/diario\/wp-json\/wp\/v2\/categories?post=7243"},{"taxonomy":"post_tag","embeddable":true,"href":"https:\/\/areabadalona.com\/diario\/wp-json\/wp\/v2\/tags?post=7243"}],"curies":[{"name":"wp","href":"https:\/\/api.w.org\/{rel}","templated":true}]}}