{"id":7240,"date":"2024-06-19T11:35:13","date_gmt":"2024-06-19T11:35:13","guid":{"rendered":"https:\/\/areabadalona.com\/diario\/?p=7240"},"modified":"2024-06-19T11:40:27","modified_gmt":"2024-06-19T11:40:27","slug":"cursos-intensius-de-catala-al-cnl-de-badalona","status":"publish","type":"post","link":"https:\/\/areabadalona.com\/diario\/2024\/06\/19\/cursos-intensius-de-catala-al-cnl-de-badalona\/","title":{"rendered":"Cursos intensius de catal\u00e0 al CNL de Badalona"},"content":{"rendered":"\n<p>El Centre de Normalitzaci\u00f3 Ling\u00fc\u00edstica de Badalona i Sant Adri\u00e0 comen\u00e7a un nou per\u00edode d&#8217;inscripcions per aprendre catal\u00e0. La matr\u00edcula es podr\u00e0 fer, tant per internet com de manera presencial, des del dia 1 de juliol a les 9 del mat\u00ed fins al dia 2 a les 7 del vespre. Per con\u00e8ixer en detall els cursos disponibles, es pot consultar el cercador.<\/p>\n\n\n\n<p>Els cursos que s\u2019oferiran seran de nivell inicial (adre\u00e7at a persones que no saben catal\u00e0 i no coneixen l\u2019alfabet llat\u00ed), B\u00e0sic 1 (destinat a persones que no saben catal\u00e0, per\u00f2 coneixen l\u2019alfabet llat\u00ed) i B\u00e0sic 2 (en el qual ja s\u2019han de tenir uns m\u00ednims coneixements de catal\u00e0).<\/p>\n\n\n\n<p>Per als nivell inicial i B\u00e0sic 1 es pot fer la matr\u00edcula directament, per\u00f2 qui estigui interessat a matricular-se a un B\u00e0sic 2 haur\u00e0 d\u2019acreditar que ha fet un B\u00e0sic 1 abans o haur\u00e0 de fer una prova per determinar el nivell. La prova de nivell cal sol\u00b7licitar-la a trav\u00e9s d\u2019internet a <a href=\"https:\/\/inscripcions.cpnl.cat\/\">https:\/\/inscripcions.cpnl.cat\/<\/a>&nbsp;abans del 26 de juny.<\/p>\n\n\n\n<p><strong>Els cursos comen\u00e7aran el dimecres 3 de juliol i duraran 4 setmanes.<\/strong><\/p>\n","protected":false},"excerpt":{"rendered":"<p>El Centre de Normalitzaci\u00f3 Ling\u00fc\u00edstica de Badalona i Sant Adri\u00e0 comen\u00e7a un nou per\u00edode d&#8217;inscripcions per aprendre catal\u00e0. La matr\u00edcula es podr\u00e0 fer, tant per internet com de manera presencial, des del dia 1 de juliol a les 9 del mat\u00ed fins al dia 2 a les 7 del vespre. Per con\u00e8ixer en detall els [&hellip;]<\/p>\n","protected":false},"author":2,"featured_media":7241,"comment_status":"closed","ping_status":"open","sticky":false,"template":"","format":"standard","meta":{"footnotes":""},"categories":[25],"tags":[],"class_list":{"0":"post-7240","1":"post","2":"type-post","3":"status-publish","4":"format-standard","5":"has-post-thumbnail","7":"category-cultura"},"_links":{"self":[{"href":"https:\/\/areabadalona.com\/diario\/wp-json\/wp\/v2\/posts\/7240","targetHints":{"allow":["GET"]}}],"collection":[{"href":"https:\/\/areabadalona.com\/diario\/wp-json\/wp\/v2\/posts"}],"about":[{"href":"https:\/\/areabadalona.com\/diario\/wp-json\/wp\/v2\/types\/post"}],"author":[{"embeddable":true,"href":"https:\/\/areabadalona.com\/diario\/wp-json\/wp\/v2\/users\/2"}],"replies":[{"embeddable":true,"href":"https:\/\/areabadalona.com\/diario\/wp-json\/wp\/v2\/comments?post=7240"}],"version-history":[{"count":1,"href":"https:\/\/areabadalona.com\/diario\/wp-json\/wp\/v2\/posts\/7240\/revisions"}],"predecessor-version":[{"id":7242,"href":"https:\/\/areabadalona.com\/diario\/wp-json\/wp\/v2\/posts\/7240\/revisions\/7242"}],"wp:featuredmedia":[{"embeddable":true,"href":"https:\/\/areabadalona.com\/diario\/wp-json\/wp\/v2\/media\/7241"}],"wp:attachment":[{"href":"https:\/\/areabadalona.com\/diario\/wp-json\/wp\/v2\/media?parent=7240"}],"wp:term":[{"taxonomy":"category","embeddable":true,"href":"https:\/\/areabadalona.com\/diario\/wp-json\/wp\/v2\/categories?post=7240"},{"taxonomy":"post_tag","embeddable":true,"href":"https:\/\/areabadalona.com\/diario\/wp-json\/wp\/v2\/tags?post=7240"}],"curies":[{"name":"wp","href":"https:\/\/api.w.org\/{rel}","templated":true}]}}