{"id":7231,"date":"2024-06-19T09:10:24","date_gmt":"2024-06-19T09:10:24","guid":{"rendered":"https:\/\/areabadalona.com\/diario\/?p=7231"},"modified":"2024-06-19T09:10:25","modified_gmt":"2024-06-19T09:10:25","slug":"lajuntament-de-badalona-reduira-en-una-hora-lhorari-de-terrasses-al-passeig-de-la-rambla-el-passeig-maritim-i-el-carrer-de-santa-madrona","status":"publish","type":"post","link":"https:\/\/areabadalona.com\/diario\/2024\/06\/19\/lajuntament-de-badalona-reduira-en-una-hora-lhorari-de-terrasses-al-passeig-de-la-rambla-el-passeig-maritim-i-el-carrer-de-santa-madrona\/","title":{"rendered":"L\u2019Ajuntament de Badalona reduir\u00e0 en una hora l\u2019horari de terrasses al passeig de la Rambla, el passeig Mar\u00edtim i el carrer de Santa Madrona"},"content":{"rendered":"\n<p>L\u2019Ajuntament de Badalona modificar\u00e0 les dues franges hor\u00e0ries per a la instal\u00b7laci\u00f3 de les terrasses dels establiments de restauraci\u00f3 situats a la zona del passeig de la Rambla, el passeig Mar\u00edtim i el carrer de Santa Madrona. Les variacions en l\u2019horari d\u2019obertura de les terrasses pretenen fer compatible l\u2019activitat comercial amb el descans del ve\u00efns, en una de les zones m\u00e9s concorregudes per la ciutadania de Badalona i pels turistes que visiten el litoral.<\/p>\n\n\n\n<p>Des dels mesos de mar\u00e7 a octubre l\u2019horari perm\u00e8s d\u2019obertura ser\u00e0:<\/p>\n\n\n\n<ul class=\"wp-block-list\">\n<li>Divendres, dissabte i vig\u00edlia de festius: fins a les 01.30 hores <strong>(reduint-se en 1 hora respecte l\u2019horari actual perm\u00e8s)<\/strong><\/li>\n\n\n\n<li>Laborables i festius: fins a les 00.30 hores<\/li>\n<\/ul>\n\n\n\n<p>De novembre a febrer:<\/p>\n\n\n\n<ul class=\"wp-block-list\">\n<li>Divendres, dissabte i vig\u00edlia de festius: fins a les 01.00 hores <strong>(es redueix 30 minuts respecte l\u2019horari actual perm\u00e8s)<\/strong><\/li>\n\n\n\n<li>Laborables i festius: fins a les 00.00 hores <strong>(es redueix 30 minuts respecte l\u2019horari actual perm\u00e8s)<\/strong><\/li>\n<\/ul>\n\n\n\n<p>En cap cas es permet cap tipus d\u2019instal\u00b7laci\u00f3 o muntatge de la terrassa abans de les 8 hores.<\/p>\n\n\n\n<p>L\u2019alcalde de Badalona, Xavier Garcia Albiol, ha destacat que el govern de la ciutat escolta els ve\u00efns i ha manifestat que \u201camb aquesta mesura el govern municipal vol contribuir a millorar la conviv\u00e8ncia en zones de la ciutat que s\u00f3n molt concorregudes, com \u00e9s el front mar\u00edtim\u201d. \u201cVolem assegurar un entorn agradable, tant per als ve\u00efns de Badalona que surten a gaudir d\u2019un temps d\u2019oci com per als que viuen en aquestes zones i tenen dret a descansar. Per aix\u00f2 hem buscat una soluci\u00f3 que vagi a favor dels ve\u00efns per\u00f2 que, a la vegada, no perjudiqui els establiments\u201d, ha afegit l\u2019alcalde.<\/p>\n","protected":false},"excerpt":{"rendered":"<p>L\u2019Ajuntament de Badalona modificar\u00e0 les dues franges hor\u00e0ries per a la instal\u00b7laci\u00f3 de les terrasses dels establiments de restauraci\u00f3 situats a la zona del passeig de la Rambla, el passeig Mar\u00edtim i el carrer de Santa Madrona. Les variacions en l\u2019horari d\u2019obertura de les terrasses pretenen fer compatible l\u2019activitat comercial amb el descans del ve\u00efns, [&hellip;]<\/p>\n","protected":false},"author":2,"featured_media":7232,"comment_status":"closed","ping_status":"open","sticky":false,"template":"","format":"standard","meta":{"footnotes":""},"categories":[23],"tags":[],"class_list":{"0":"post-7231","1":"post","2":"type-post","3":"status-publish","4":"format-standard","5":"has-post-thumbnail","7":"category-actualitat"},"_links":{"self":[{"href":"https:\/\/areabadalona.com\/diario\/wp-json\/wp\/v2\/posts\/7231","targetHints":{"allow":["GET"]}}],"collection":[{"href":"https:\/\/areabadalona.com\/diario\/wp-json\/wp\/v2\/posts"}],"about":[{"href":"https:\/\/areabadalona.com\/diario\/wp-json\/wp\/v2\/types\/post"}],"author":[{"embeddable":true,"href":"https:\/\/areabadalona.com\/diario\/wp-json\/wp\/v2\/users\/2"}],"replies":[{"embeddable":true,"href":"https:\/\/areabadalona.com\/diario\/wp-json\/wp\/v2\/comments?post=7231"}],"version-history":[{"count":1,"href":"https:\/\/areabadalona.com\/diario\/wp-json\/wp\/v2\/posts\/7231\/revisions"}],"predecessor-version":[{"id":7233,"href":"https:\/\/areabadalona.com\/diario\/wp-json\/wp\/v2\/posts\/7231\/revisions\/7233"}],"wp:featuredmedia":[{"embeddable":true,"href":"https:\/\/areabadalona.com\/diario\/wp-json\/wp\/v2\/media\/7232"}],"wp:attachment":[{"href":"https:\/\/areabadalona.com\/diario\/wp-json\/wp\/v2\/media?parent=7231"}],"wp:term":[{"taxonomy":"category","embeddable":true,"href":"https:\/\/areabadalona.com\/diario\/wp-json\/wp\/v2\/categories?post=7231"},{"taxonomy":"post_tag","embeddable":true,"href":"https:\/\/areabadalona.com\/diario\/wp-json\/wp\/v2\/tags?post=7231"}],"curies":[{"name":"wp","href":"https:\/\/api.w.org\/{rel}","templated":true}]}}