{"id":7193,"date":"2024-06-13T10:54:36","date_gmt":"2024-06-13T10:54:36","guid":{"rendered":"https:\/\/areabadalona.com\/diario\/?p=7193"},"modified":"2024-06-14T11:47:49","modified_gmt":"2024-06-14T11:47:49","slug":"en-comu-podem-amb-erc-i-guanyem-reclament-amb-la-plataforma-salvem-ca-larnus-que-el-govern-de-lalbiol-presenti-una-proposta-per-evitar-construir-al-parc-de-ca-larnus-a-bada","status":"publish","type":"post","link":"https:\/\/areabadalona.com\/diario\/2024\/06\/13\/en-comu-podem-amb-erc-i-guanyem-reclament-amb-la-plataforma-salvem-ca-larnus-que-el-govern-de-lalbiol-presenti-una-proposta-per-evitar-construir-al-parc-de-ca-larnus-a-bada\/","title":{"rendered":"En Com\u00fa Podem, amb ERC i Guanyem reclament amb la Plataforma Salvem Ca l\u2019Arn\u00fas que el govern de l\u2019Albiol presenti una proposta per evitar construir al Parc de Ca l\u2019Arn\u00fas a Badalona"},"content":{"rendered":"\n<p>A\u00efda Llaurad\u00f3, presidenta del grup municipal Badalona en Com\u00fa Podem, conjuntament amb ERC i Guanyem, i el suport de la Plataforma Salvem Ca l\u2019Arn\u00fas, han signat i presentat una carta a l\u2019alcaldia de Badalona perqu\u00e8 el govern del PP presenti una soluci\u00f3 t\u00e8cnica per evitar la construcci\u00f3 construir cap pis al Parc de Ca l\u2019Arn\u00fas.<\/p>\n\n\n\n<p>En aquesta carta, les forces d\u2019esquerres i la plataforma es ratifiquen en els acords de les dues \u00faltimes mocions presentades al Ple Municipal de Badalona, on s\u2019acorda presentar una sol\u00b7luci\u00f3 t\u00e8cnica per part del govern. Albiol, com a candidat del Partit Popular, es va erigir com l\u2019\u00fanica garantia per evitar la construcci\u00f3 de pisos a Ca l\u2019Arn\u00fas i, actualment, essent alcalde se n\u2019ha desdit.<\/p>\n\n\n\n<p>Segons Llaurad\u00f3, \u201c<em><strong>Albiol pretenia passar a tothom per l\u2019esquerra defensant fins i tot una expropiaci\u00f3, i finalment s\u2019ha demostrat que era una altra de les seves mentides. Exigim que com a govern es responsabilitzin de les seves promeses i posi sobre la taula una proposta<\/strong><\/em>\u201d.<\/p>\n","protected":false},"excerpt":{"rendered":"<p>A\u00efda Llaurad\u00f3, presidenta del grup municipal Badalona en Com\u00fa Podem, conjuntament amb ERC i Guanyem, i el suport de la Plataforma Salvem Ca l\u2019Arn\u00fas, han signat i presentat una carta a l\u2019alcaldia de Badalona perqu\u00e8 el govern del PP presenti una soluci\u00f3 t\u00e8cnica per evitar la construcci\u00f3 construir cap pis al Parc de Ca l\u2019Arn\u00fas. [&hellip;]<\/p>\n","protected":false},"author":2,"featured_media":4785,"comment_status":"closed","ping_status":"open","sticky":false,"template":"","format":"standard","meta":{"footnotes":""},"categories":[23],"tags":[],"class_list":{"0":"post-7193","1":"post","2":"type-post","3":"status-publish","4":"format-standard","5":"has-post-thumbnail","7":"category-actualitat"},"_links":{"self":[{"href":"https:\/\/areabadalona.com\/diario\/wp-json\/wp\/v2\/posts\/7193","targetHints":{"allow":["GET"]}}],"collection":[{"href":"https:\/\/areabadalona.com\/diario\/wp-json\/wp\/v2\/posts"}],"about":[{"href":"https:\/\/areabadalona.com\/diario\/wp-json\/wp\/v2\/types\/post"}],"author":[{"embeddable":true,"href":"https:\/\/areabadalona.com\/diario\/wp-json\/wp\/v2\/users\/2"}],"replies":[{"embeddable":true,"href":"https:\/\/areabadalona.com\/diario\/wp-json\/wp\/v2\/comments?post=7193"}],"version-history":[{"count":1,"href":"https:\/\/areabadalona.com\/diario\/wp-json\/wp\/v2\/posts\/7193\/revisions"}],"predecessor-version":[{"id":7194,"href":"https:\/\/areabadalona.com\/diario\/wp-json\/wp\/v2\/posts\/7193\/revisions\/7194"}],"wp:featuredmedia":[{"embeddable":true,"href":"https:\/\/areabadalona.com\/diario\/wp-json\/wp\/v2\/media\/4785"}],"wp:attachment":[{"href":"https:\/\/areabadalona.com\/diario\/wp-json\/wp\/v2\/media?parent=7193"}],"wp:term":[{"taxonomy":"category","embeddable":true,"href":"https:\/\/areabadalona.com\/diario\/wp-json\/wp\/v2\/categories?post=7193"},{"taxonomy":"post_tag","embeddable":true,"href":"https:\/\/areabadalona.com\/diario\/wp-json\/wp\/v2\/tags?post=7193"}],"curies":[{"name":"wp","href":"https:\/\/api.w.org\/{rel}","templated":true}]}}