{"id":7047,"date":"2024-05-23T10:56:31","date_gmt":"2024-05-23T10:56:31","guid":{"rendered":"https:\/\/areabadalona.com\/diario\/?p=7047"},"modified":"2024-05-23T10:56:32","modified_gmt":"2024-05-23T10:56:32","slug":"direxis-tusgsal-rep-una-delegacio-del-ministeri-de-transports-duzbekistan","status":"publish","type":"post","link":"https:\/\/areabadalona.com\/diario\/2024\/05\/23\/direxis-tusgsal-rep-una-delegacio-del-ministeri-de-transports-duzbekistan\/","title":{"rendered":"DIREXIS TUSGSAL rep una delegaci\u00f3 del Ministeri de Transports d\u2019Uzbekistan"},"content":{"rendered":"\n<p>Ahir, 22 de maig, DIREXIS TUSGSAL va tenir l\u2019honor de rebre a les seves instal\u00b7lacions de Badalona una comitiva uzbeka en una visita de cortesia i intercanvi professional. Aquesta delegaci\u00f3 inclo\u00efa membres del Ministeri de Transports d&#8217;Uzbekistan i de l\u2019empresa p\u00fablica de transports de Tashkent.<\/p>\n\n\n\n<p>L&#8217;objectiu principal d&#8217;aquesta trobada va ser compartir coneixements i experi\u00e8ncies en la gesti\u00f3 del transport p\u00fablic urb\u00e0. Els representants d\u2019Uzbekistan es van mostrar interessats en diversos aspectes del funcionament de DIREXIS TUSGSAL, com les principals funcions de l&#8217;empresa, l&#8217;estructura organitzativa, el model de gesti\u00f3 d\u2019economia social i les caracter\u00edstiques de la seva la flota de vehicles. Especialment, van manifestar un gran entusiasme i curiositat pels termes i condicions del contracte de prestaci\u00f3 de serveis de transport p\u00fablic.<\/p>\n\n\n\n<p>Durant la visita, que va durar unes dues hores, la delegaci\u00f3 va participar en una presentaci\u00f3 detallada sobre els projectes actuals i futurs de DIREXIS TUSGSAL i va fer un recorregut per les instal\u00b7lacions de la companyia.<\/p>\n\n\n\n<p>La jornada s\u2019emmarca en el projecte TAILEV, recolzat per les Nacions Unides i el Fons per al Medi Ambient Mundial (GEF), que busca&nbsp; implementar vehicles nets a Uzbekistan, contribuint aix\u00ed a la millora de la qualitat de l\u2019aire i la sostenibilitat ambiental del pa\u00eds.<\/p>\n","protected":false},"excerpt":{"rendered":"<p>Ahir, 22 de maig, DIREXIS TUSGSAL va tenir l\u2019honor de rebre a les seves instal\u00b7lacions de Badalona una comitiva uzbeka en una visita de cortesia i intercanvi professional. Aquesta delegaci\u00f3 inclo\u00efa membres del Ministeri de Transports d&#8217;Uzbekistan i de l\u2019empresa p\u00fablica de transports de Tashkent. L&#8217;objectiu principal d&#8217;aquesta trobada va ser compartir coneixements i experi\u00e8ncies [&hellip;]<\/p>\n","protected":false},"author":2,"featured_media":7048,"comment_status":"open","ping_status":"open","sticky":false,"template":"","format":"standard","meta":{"footnotes":""},"categories":[23],"tags":[],"class_list":{"0":"post-7047","1":"post","2":"type-post","3":"status-publish","4":"format-standard","5":"has-post-thumbnail","7":"category-actualitat"},"_links":{"self":[{"href":"https:\/\/areabadalona.com\/diario\/wp-json\/wp\/v2\/posts\/7047","targetHints":{"allow":["GET"]}}],"collection":[{"href":"https:\/\/areabadalona.com\/diario\/wp-json\/wp\/v2\/posts"}],"about":[{"href":"https:\/\/areabadalona.com\/diario\/wp-json\/wp\/v2\/types\/post"}],"author":[{"embeddable":true,"href":"https:\/\/areabadalona.com\/diario\/wp-json\/wp\/v2\/users\/2"}],"replies":[{"embeddable":true,"href":"https:\/\/areabadalona.com\/diario\/wp-json\/wp\/v2\/comments?post=7047"}],"version-history":[{"count":1,"href":"https:\/\/areabadalona.com\/diario\/wp-json\/wp\/v2\/posts\/7047\/revisions"}],"predecessor-version":[{"id":7049,"href":"https:\/\/areabadalona.com\/diario\/wp-json\/wp\/v2\/posts\/7047\/revisions\/7049"}],"wp:featuredmedia":[{"embeddable":true,"href":"https:\/\/areabadalona.com\/diario\/wp-json\/wp\/v2\/media\/7048"}],"wp:attachment":[{"href":"https:\/\/areabadalona.com\/diario\/wp-json\/wp\/v2\/media?parent=7047"}],"wp:term":[{"taxonomy":"category","embeddable":true,"href":"https:\/\/areabadalona.com\/diario\/wp-json\/wp\/v2\/categories?post=7047"},{"taxonomy":"post_tag","embeddable":true,"href":"https:\/\/areabadalona.com\/diario\/wp-json\/wp\/v2\/tags?post=7047"}],"curies":[{"name":"wp","href":"https:\/\/api.w.org\/{rel}","templated":true}]}}