{"id":7044,"date":"2024-05-21T10:11:19","date_gmt":"2024-05-21T10:11:19","guid":{"rendered":"https:\/\/areabadalona.com\/diario\/?p=7044"},"modified":"2024-05-23T10:12:34","modified_gmt":"2024-05-23T10:12:34","slug":"en-comu-podem-defensa-un-centre-obert-municipal","status":"publish","type":"post","link":"https:\/\/areabadalona.com\/diario\/2024\/05\/21\/en-comu-podem-defensa-un-centre-obert-municipal\/","title":{"rendered":"En Com\u00fa Podem defensa un centre obert municipal"},"content":{"rendered":"\n<p><strong>Davant el tancament de l\u2019entitat Germina, A\u00efda Llaurad\u00f3 defensa m\u00e9s recursos p\u00fablics per arribar directament als infants, joves i les seves fam\u00edlies.<\/strong><\/p>\n\n\n\n<p>En Com\u00fa Podem reclama a l\u2019Ajuntament de Badalona que cre\u00ef un centre obert a Badalona, davant el tancament del centre obert gestionat per Germina al barri de Lloreda, l\u2019ajuntament no ha fet cap proposta.<\/p>\n\n\n\n<p>Una ciutat com Badalona no pot dependre de les &nbsp;gestions privades per gestionar els serveis a la ciutadania, Badalona a de gestionar un centre obert que faciliti les vides dels infants, joves &nbsp;i les seves fam\u00edlies. Segons la presidenta del grup municipal Badalona En Com\u00fa Podem, A\u00efda Llaurad\u00f3: \u201c<em>considerem que l\u2019Ajuntament de Badalona ha d\u2019estar al costat de la gent i donar els serveis que es necessiten, ara cal fer una aposta decidida per invertir i fer realitat que Badalona tingui un centre obert municipal<\/em>\u201dEl centre Obert de Germina, durant anys ha donat suport a infants i joves en situaci\u00f3 de vulnerabilitat en l\u2019\u00e0mbit de l\u2019educaci\u00f3, la cultura i la ci\u00e8ncia, oferint oportunitats per a millorar la qualitat de vida dels seus usuaris. El seu tancament representa una gran p\u00e8rdua, per\u00f2 justament \u00e9s un motiu m\u00e9s per crear nous espais gestionats per l\u2019administraci\u00f3 p\u00fablica i enfortir els existents amb les entitats que treballen a la ciutat. Molts ajuntaments tenen els seus propis centres oberts municipals, i la 3a ciutat de Catalunya i una de les que t\u00e9 m\u00e9s complexitat social no pot seguir sense avan\u00e7ar amb serveis propis.<\/p>\n","protected":false},"excerpt":{"rendered":"<p>Davant el tancament de l\u2019entitat Germina, A\u00efda Llaurad\u00f3 defensa m\u00e9s recursos p\u00fablics per arribar directament als infants, joves i les seves fam\u00edlies. En Com\u00fa Podem reclama a l\u2019Ajuntament de Badalona que cre\u00ef un centre obert a Badalona, davant el tancament del centre obert gestionat per Germina al barri de Lloreda, l\u2019ajuntament no ha fet cap [&hellip;]<\/p>\n","protected":false},"author":2,"featured_media":7045,"comment_status":"open","ping_status":"open","sticky":false,"template":"","format":"standard","meta":{"footnotes":""},"categories":[24],"tags":[],"class_list":{"0":"post-7044","1":"post","2":"type-post","3":"status-publish","4":"format-standard","5":"has-post-thumbnail","7":"category-societat"},"_links":{"self":[{"href":"https:\/\/areabadalona.com\/diario\/wp-json\/wp\/v2\/posts\/7044","targetHints":{"allow":["GET"]}}],"collection":[{"href":"https:\/\/areabadalona.com\/diario\/wp-json\/wp\/v2\/posts"}],"about":[{"href":"https:\/\/areabadalona.com\/diario\/wp-json\/wp\/v2\/types\/post"}],"author":[{"embeddable":true,"href":"https:\/\/areabadalona.com\/diario\/wp-json\/wp\/v2\/users\/2"}],"replies":[{"embeddable":true,"href":"https:\/\/areabadalona.com\/diario\/wp-json\/wp\/v2\/comments?post=7044"}],"version-history":[{"count":1,"href":"https:\/\/areabadalona.com\/diario\/wp-json\/wp\/v2\/posts\/7044\/revisions"}],"predecessor-version":[{"id":7046,"href":"https:\/\/areabadalona.com\/diario\/wp-json\/wp\/v2\/posts\/7044\/revisions\/7046"}],"wp:featuredmedia":[{"embeddable":true,"href":"https:\/\/areabadalona.com\/diario\/wp-json\/wp\/v2\/media\/7045"}],"wp:attachment":[{"href":"https:\/\/areabadalona.com\/diario\/wp-json\/wp\/v2\/media?parent=7044"}],"wp:term":[{"taxonomy":"category","embeddable":true,"href":"https:\/\/areabadalona.com\/diario\/wp-json\/wp\/v2\/categories?post=7044"},{"taxonomy":"post_tag","embeddable":true,"href":"https:\/\/areabadalona.com\/diario\/wp-json\/wp\/v2\/tags?post=7044"}],"curies":[{"name":"wp","href":"https:\/\/api.w.org\/{rel}","templated":true}]}}