{"id":7041,"date":"2024-05-23T10:11:09","date_gmt":"2024-05-23T10:11:09","guid":{"rendered":"https:\/\/areabadalona.com\/diario\/?p=7041"},"modified":"2024-05-23T10:11:09","modified_gmt":"2024-05-23T10:11:09","slug":"escoles-i-instituts-publics-de-badalona-presenten-els-seus-treballs-sobre-els-objectius-de-desenvolupament-sostenible-a-la-3a-fira-dels-ods","status":"publish","type":"post","link":"https:\/\/areabadalona.com\/diario\/2024\/05\/23\/escoles-i-instituts-publics-de-badalona-presenten-els-seus-treballs-sobre-els-objectius-de-desenvolupament-sostenible-a-la-3a-fira-dels-ods\/","title":{"rendered":"Escoles i instituts p\u00fablics de Badalona presenten els seus treballs sobre els Objectius de Desenvolupament Sostenible a la 3a Fira dels ODS"},"content":{"rendered":"\n<p>Aquest <strong>divendres, 24 de maig, de 9 a 14 hores, a la Pla\u00e7a Trafalgar, <\/strong>tindr\u00e0 lloc la tercera edici\u00f3 de la Fira dels ODS (Escoles i instituts comparteixen idees per canviar el m\u00f3n). L&#8217;objectiu de la Fira \u00e9s implicar la ciutadania en l\u2019acci\u00f3 global marcada per l\u2019Agenda 2030 de Desenvolupament Sostenible de l&#8217;ONU a trav\u00e9s de les escoles de prim\u00e0ria i els instituts p\u00fablics de secund\u00e0ria del barri.<\/p>\n\n\n\n<p>El 25 de setembre del 2015 l\u2019Assemblea General de les Nacions Unides va aprovar la resoluci\u00f3 \u201cAgenda 2030: transformar el nostre m\u00f3n\u201d i els seus 17 Objectius de Desenvolupament Sostenible (ODS). En aquest document els pa\u00efsos signants van fer una crida a l\u2019acci\u00f3 per poder fer front als reptes del desenvolupament sostenible. Catalunya tamb\u00e9 es va fer ress\u00f2 d\u2019aquesta crida amb l\u2019elaboraci\u00f3 i l\u2019aprovaci\u00f3 del Pla nacional per a la implementaci\u00f3 de l\u2019Agenda 2030.<\/p>\n\n\n\n<p>Es tracta d\u2019un projecte col\u00b7lectiu on els centres educatius implicats participaran amb tota la comunitat educativa. L\u2019alumnat ser\u00e0 el protagonista de l\u2019acte i mostrar\u00e0 a la ciutadania la feina compromesa amb els ODS, realitzada des de les aules amb l\u2019acompanyament del professorat i personal de l&#8217;educaci\u00f3 i la col\u00b7laboraci\u00f3 del Departament d\u2019Educaci\u00f3 de l\u2019Ajuntament de Badalona.<\/p>\n\n\n\n<p>A l\u2019acte hi haur\u00e0 estands informatius amb els projectes que es realitzen des dels diferents centres educatius, aix\u00ed com actuacions musicals protagonitzades per l\u2019alumnat dels centres.<\/p>\n\n\n\n<p>La 3a Fira dels ODS est\u00e0 organitzada per escoles i instituts p\u00fablics de les zones de Llefi\u00e0, Sant Roc i la Salut, amb col\u00b7laboraci\u00f3 amb l\u2019Ajuntament de Badalona.<\/p>\n","protected":false},"excerpt":{"rendered":"<p>Aquest divendres, 24 de maig, de 9 a 14 hores, a la Pla\u00e7a Trafalgar, tindr\u00e0 lloc la tercera edici\u00f3 de la Fira dels ODS (Escoles i instituts comparteixen idees per canviar el m\u00f3n). L&#8217;objectiu de la Fira \u00e9s implicar la ciutadania en l\u2019acci\u00f3 global marcada per l\u2019Agenda 2030 de Desenvolupament Sostenible de l&#8217;ONU a trav\u00e9s [&hellip;]<\/p>\n","protected":false},"author":2,"featured_media":7042,"comment_status":"open","ping_status":"open","sticky":false,"template":"","format":"standard","meta":{"footnotes":""},"categories":[24],"tags":[],"class_list":{"0":"post-7041","1":"post","2":"type-post","3":"status-publish","4":"format-standard","5":"has-post-thumbnail","7":"category-societat"},"_links":{"self":[{"href":"https:\/\/areabadalona.com\/diario\/wp-json\/wp\/v2\/posts\/7041","targetHints":{"allow":["GET"]}}],"collection":[{"href":"https:\/\/areabadalona.com\/diario\/wp-json\/wp\/v2\/posts"}],"about":[{"href":"https:\/\/areabadalona.com\/diario\/wp-json\/wp\/v2\/types\/post"}],"author":[{"embeddable":true,"href":"https:\/\/areabadalona.com\/diario\/wp-json\/wp\/v2\/users\/2"}],"replies":[{"embeddable":true,"href":"https:\/\/areabadalona.com\/diario\/wp-json\/wp\/v2\/comments?post=7041"}],"version-history":[{"count":1,"href":"https:\/\/areabadalona.com\/diario\/wp-json\/wp\/v2\/posts\/7041\/revisions"}],"predecessor-version":[{"id":7043,"href":"https:\/\/areabadalona.com\/diario\/wp-json\/wp\/v2\/posts\/7041\/revisions\/7043"}],"wp:featuredmedia":[{"embeddable":true,"href":"https:\/\/areabadalona.com\/diario\/wp-json\/wp\/v2\/media\/7042"}],"wp:attachment":[{"href":"https:\/\/areabadalona.com\/diario\/wp-json\/wp\/v2\/media?parent=7041"}],"wp:term":[{"taxonomy":"category","embeddable":true,"href":"https:\/\/areabadalona.com\/diario\/wp-json\/wp\/v2\/categories?post=7041"},{"taxonomy":"post_tag","embeddable":true,"href":"https:\/\/areabadalona.com\/diario\/wp-json\/wp\/v2\/tags?post=7041"}],"curies":[{"name":"wp","href":"https:\/\/api.w.org\/{rel}","templated":true}]}}