{"id":7038,"date":"2024-05-22T10:06:35","date_gmt":"2024-05-22T10:06:35","guid":{"rendered":"https:\/\/areabadalona.com\/diario\/?p=7038"},"modified":"2024-05-23T10:07:23","modified_gmt":"2024-05-23T10:07:23","slug":"lajuntament-evita-locupacio-il%c2%b7legal-dun-habitatge-a-lavinguda-dalfons-xiii-despres-de-lavis-immediat-dels-veins","status":"publish","type":"post","link":"https:\/\/areabadalona.com\/diario\/2024\/05\/22\/lajuntament-evita-locupacio-il%c2%b7legal-dun-habitatge-a-lavinguda-dalfons-xiii-despres-de-lavis-immediat-dels-veins\/","title":{"rendered":"L\u2019Ajuntament evita l\u2019ocupaci\u00f3 il\u00b7legal d\u2019un habitatge a l\u2019avinguda d\u2019Alfons XIII, despr\u00e9s de l\u2019av\u00eds immediat dels ve\u00efns"},"content":{"rendered":"\n<p>L\u2019\u00c0rea de Pol\u00edtiques Contra l\u2019Ocupaci\u00f3 Il\u00b7legal de l\u2019Ajuntament de Badalona va intervenir ahir, amb el suport de la Gu\u00e0rdia Urbana, per evitar l\u2019ocupaci\u00f3 il\u00b7legal d\u2019un pis a l\u2019avinguda d\u2019Alfons XIII.<\/p>\n\n\n\n<p>Els fets van passar cap a les 16 hores d\u2019ahir, quan els ve\u00efns de la finca van alertar a l\u2019\u00c0rea de Pol\u00edtiques Contra l\u2019Ocupaci\u00f3 Il\u00b7legal de l\u2019intent d\u2019ocupaci\u00f3 d\u2019un dels \u00e0tics. El regidor d\u2019aquesta \u00e0rea, Daniel Aguilera, es va traslladar immediatament a la finca i des de la regidoria es van fer les gestions oportunes per informar a la propietat del pis de la situaci\u00f3. Amb posterioritat, hi va intervenir tamb\u00e9 la Gu\u00e0rdia Urbana, per fer les comprovacions oportunes. Daniel Aguilera va acompanyar els ve\u00efns de l\u2019immoble durant cinc hores, fins que la propietat va assegurar de nou la porta de l\u2019habitatge, per prevenir futurs intents d\u2019ocupaci\u00f3.<\/p>\n\n\n\n<p>L\u2019\u00c0rea de Pol\u00edtiques Contra l\u2019Ocupaci\u00f3 Il\u00b7legal de l\u2019Ajuntament de Badalona actua en tots els fronts necessaris per evitar les ocupacions il\u00b7legals, aix\u00ed com els problemes de conviv\u00e8ncia i de seguretat associats a aquestes situacions. L\u2019alcalde, Xavier Garcia Albiol, ha recordat que \u201cper poder actuar davant d\u2019aquests casos, \u00e9s important que els ve\u00efns avisin la Gu\u00e0rdia Urbana amb rapidesa, de seguida que detectin l\u2019intent d\u2019ocupaci\u00f3 d\u2019un pis, tal com ha succe\u00eft en aquest cas\u201d. \u201cContinuarem treballant per deixar molt clar que els ocupes no s\u00f3n benvinguts a Badalona i seguirem donant suport als ve\u00efns per evitar que pateixin els problemes de conviv\u00e8ncia que comporta les ocupacions il\u00b7legals\u201d, ha afegit.<\/p>\n","protected":false},"excerpt":{"rendered":"<p>L\u2019\u00c0rea de Pol\u00edtiques Contra l\u2019Ocupaci\u00f3 Il\u00b7legal de l\u2019Ajuntament de Badalona va intervenir ahir, amb el suport de la Gu\u00e0rdia Urbana, per evitar l\u2019ocupaci\u00f3 il\u00b7legal d\u2019un pis a l\u2019avinguda d\u2019Alfons XIII. Els fets van passar cap a les 16 hores d\u2019ahir, quan els ve\u00efns de la finca van alertar a l\u2019\u00c0rea de Pol\u00edtiques Contra l\u2019Ocupaci\u00f3 Il\u00b7legal [&hellip;]<\/p>\n","protected":false},"author":2,"featured_media":7039,"comment_status":"open","ping_status":"open","sticky":false,"template":"","format":"standard","meta":{"footnotes":""},"categories":[24],"tags":[],"class_list":{"0":"post-7038","1":"post","2":"type-post","3":"status-publish","4":"format-standard","5":"has-post-thumbnail","7":"category-societat"},"_links":{"self":[{"href":"https:\/\/areabadalona.com\/diario\/wp-json\/wp\/v2\/posts\/7038","targetHints":{"allow":["GET"]}}],"collection":[{"href":"https:\/\/areabadalona.com\/diario\/wp-json\/wp\/v2\/posts"}],"about":[{"href":"https:\/\/areabadalona.com\/diario\/wp-json\/wp\/v2\/types\/post"}],"author":[{"embeddable":true,"href":"https:\/\/areabadalona.com\/diario\/wp-json\/wp\/v2\/users\/2"}],"replies":[{"embeddable":true,"href":"https:\/\/areabadalona.com\/diario\/wp-json\/wp\/v2\/comments?post=7038"}],"version-history":[{"count":1,"href":"https:\/\/areabadalona.com\/diario\/wp-json\/wp\/v2\/posts\/7038\/revisions"}],"predecessor-version":[{"id":7040,"href":"https:\/\/areabadalona.com\/diario\/wp-json\/wp\/v2\/posts\/7038\/revisions\/7040"}],"wp:featuredmedia":[{"embeddable":true,"href":"https:\/\/areabadalona.com\/diario\/wp-json\/wp\/v2\/media\/7039"}],"wp:attachment":[{"href":"https:\/\/areabadalona.com\/diario\/wp-json\/wp\/v2\/media?parent=7038"}],"wp:term":[{"taxonomy":"category","embeddable":true,"href":"https:\/\/areabadalona.com\/diario\/wp-json\/wp\/v2\/categories?post=7038"},{"taxonomy":"post_tag","embeddable":true,"href":"https:\/\/areabadalona.com\/diario\/wp-json\/wp\/v2\/tags?post=7038"}],"curies":[{"name":"wp","href":"https:\/\/api.w.org\/{rel}","templated":true}]}}