{"id":7034,"date":"2024-05-21T10:04:43","date_gmt":"2024-05-21T10:04:43","guid":{"rendered":"https:\/\/areabadalona.com\/diario\/?p=7034"},"modified":"2024-05-23T10:05:50","modified_gmt":"2024-05-23T10:05:50","slug":"la-taula-dinfancia-i-adolescencia-de-badalona-tiab-organitza-aquest-dijous-a-lespai-betulia-la-sessio-teixim-plegats-una-xarxa-protectora","status":"publish","type":"post","link":"https:\/\/areabadalona.com\/diario\/2024\/05\/21\/la-taula-dinfancia-i-adolescencia-de-badalona-tiab-organitza-aquest-dijous-a-lespai-betulia-la-sessio-teixim-plegats-una-xarxa-protectora\/","title":{"rendered":"La Taula d\u2019Inf\u00e0ncia i Adolesc\u00e8ncia de Badalona (TIAB) organitza aquest dijous a l\u2019Espai Bet\u00falia la sessi\u00f3 \u201cTeixim plegats una xarxa protectora\u201d"},"content":{"rendered":"\n<p>La Taula d\u2019Inf\u00e0ncia i Adolesc\u00e8ncia de Badalona (TIAB) organitza aquest dijous 23 de maig a l\u2019Espai Bet\u00falia, la sessi\u00f3 \u201cTeixim plegats una xarxa protectora\u201d, en la qual es presentar\u00e0 una guia pr\u00e0ctica per a l\u2019abordatge en xarxa situacions de desprotecci\u00f3 i maltractament, elaborada per professionals de diferents \u00e0mbits d\u2019atenci\u00f3. La sessi\u00f3, que es far\u00e0 entre les 9.30 i les 12 hores, s\u2019emmarca en el projecte \u201cAtenci\u00f3 a les inf\u00e0ncies i adolesc\u00e8ncies en situaci\u00f3 de desprotecci\u00f3 i maltractament\u201d, desenvolupat per la TIAB des de l\u2019any 2021.<\/p>\n\n\n\n<p>A l\u2019inici de la sessi\u00f3 s\u2019explicar\u00e0 com s\u2019ha orientat i desenvolupat el projecte \u201cAtenci\u00f3 a les inf\u00e0ncies i adolesc\u00e8ncies en situaci\u00f3 de desprotecci\u00f3 i maltractament\u201d. A continuaci\u00f3, s\u2019impartir\u00e0 la confer\u00e8ncia \u201cEl treball en xarxa: dels mites a les pr\u00e0ctiques de qualitat\u201d, a c\u00e0rrec de Jos\u00e9 Manuel Alonso, expert en inf\u00e0ncia, suport de diverses taules locals d\u2019inf\u00e0ncia i director del M\u00e0ster interdisciplinari en prevenci\u00f3 i tractament de les viol\u00e8ncies familiars de la Universitat de Barcelona (IL3). &nbsp;<\/p>\n\n\n\n<p>Despr\u00e9s d\u2019aquesta confer\u00e8ncia es presentar\u00e0 la \u201cGuia pr\u00e0ctica per a l\u2019abordatge en xarxa de situacions de desprotecci\u00f3 i maltractament en la inf\u00e0ncia i l\u2019adolesc\u00e8ncia de Badalona\u201d, i es desenvolupar\u00e0 una taula rodona sota el t\u00edtol \u201cCompartim la nostra experi\u00e8ncia\u201d. En aquest espai, &nbsp;professionals de diferents serveis i entitats que han participat en el projecte explicaran quins han estat els aprenentatges generats. Finalment, s\u2019aportaran algunes orientacions per garantir l\u2019aplicaci\u00f3 de la guia en la pr\u00e0ctica quotidiana dels professionals de la xarxa, i la seva revisi\u00f3 i actualitzaci\u00f3 permanent.<\/p>\n\n\n\n<p>Abans de la cloenda s\u2019obrir\u00e0 un torn de paraules perqu\u00e8 les persones assistents puguin formular preguntes o compartir reflexions sobre el contingut de les diferents fases de la sessi\u00f3.<\/p>\n\n\n\n<p>Est\u00e0 previst que participin en la sessi\u00f3 m\u00e9s d\u2019un centenar de professionals i responsables institucionals de diferents serveis i entitats de la ciutat que treballen amb infants i adolescents des de diferents \u00e0mbits d\u2019atenci\u00f3 (educatiu, socioeducatiu, de salut, de serveis socials, etc.).<\/p>\n\n\n\n<p>Podeu accedir el programa de la sessi\u00f3 en aquest <a href=\"https:\/\/tiab-badalona.cat\/wp-content\/uploads\/2024\/05\/sessio-presentacio-guia-230524_v2.pdf\">enlla\u00e7<\/a>.<\/p>\n\n\n\n<p><strong>La Taula d\u2019Inf\u00e0ncia i Adolesc\u00e8ncia de Badalona<\/strong><\/p>\n\n\n\n<p>La Taula d\u2019Inf\u00e0ncia i Adolesc\u00e8ncia de Badalona<strong>&nbsp;(<\/strong>TIAB) \u00e9s una estructura de treball transversal i en xarxa, creada l\u2019any 2016 i orientada a potenciar l\u2019acci\u00f3 cooperativa entre el conjunt d\u2019actors que treballen a la ciutat, des de diferents \u00e0mbits (social, educatiu, socioeducatiu, cultural, de salut, esports, urbanisme, etc.), amb infants i adolescents de 0 a 18 anys. Actualment, la TIAB disposa d\u2019un centenar de serveis, entitats i col\u00b7lectius diversos que formen part d\u2019aquesta. A m\u00e9s del projecte \u201cAtenci\u00f3 a les inf\u00e0ncies i adolesc\u00e8ncies en situaci\u00f3 de desprotecci\u00f3 i maltractament\u201d, la TIAB tamb\u00e9 est\u00e0 desenvolupant actualment el projecte \u201cModel d\u2019acompanyament a les fam\u00edlies\u201d. Recentment, va finalitzar el projecte \u201cBar\u00f2metre dels drets dels infants i adolescents a Badalona\u201d.<\/p>\n","protected":false},"excerpt":{"rendered":"<p>La Taula d\u2019Inf\u00e0ncia i Adolesc\u00e8ncia de Badalona (TIAB) organitza aquest dijous 23 de maig a l\u2019Espai Bet\u00falia, la sessi\u00f3 \u201cTeixim plegats una xarxa protectora\u201d, en la qual es presentar\u00e0 una guia pr\u00e0ctica per a l\u2019abordatge en xarxa situacions de desprotecci\u00f3 i maltractament, elaborada per professionals de diferents \u00e0mbits d\u2019atenci\u00f3. La sessi\u00f3, que es far\u00e0 entre [&hellip;]<\/p>\n","protected":false},"author":2,"featured_media":7035,"comment_status":"open","ping_status":"open","sticky":false,"template":"","format":"standard","meta":{"footnotes":""},"categories":[24],"tags":[],"class_list":{"0":"post-7034","1":"post","2":"type-post","3":"status-publish","4":"format-standard","5":"has-post-thumbnail","7":"category-societat"},"_links":{"self":[{"href":"https:\/\/areabadalona.com\/diario\/wp-json\/wp\/v2\/posts\/7034","targetHints":{"allow":["GET"]}}],"collection":[{"href":"https:\/\/areabadalona.com\/diario\/wp-json\/wp\/v2\/posts"}],"about":[{"href":"https:\/\/areabadalona.com\/diario\/wp-json\/wp\/v2\/types\/post"}],"author":[{"embeddable":true,"href":"https:\/\/areabadalona.com\/diario\/wp-json\/wp\/v2\/users\/2"}],"replies":[{"embeddable":true,"href":"https:\/\/areabadalona.com\/diario\/wp-json\/wp\/v2\/comments?post=7034"}],"version-history":[{"count":1,"href":"https:\/\/areabadalona.com\/diario\/wp-json\/wp\/v2\/posts\/7034\/revisions"}],"predecessor-version":[{"id":7036,"href":"https:\/\/areabadalona.com\/diario\/wp-json\/wp\/v2\/posts\/7034\/revisions\/7036"}],"wp:featuredmedia":[{"embeddable":true,"href":"https:\/\/areabadalona.com\/diario\/wp-json\/wp\/v2\/media\/7035"}],"wp:attachment":[{"href":"https:\/\/areabadalona.com\/diario\/wp-json\/wp\/v2\/media?parent=7034"}],"wp:term":[{"taxonomy":"category","embeddable":true,"href":"https:\/\/areabadalona.com\/diario\/wp-json\/wp\/v2\/categories?post=7034"},{"taxonomy":"post_tag","embeddable":true,"href":"https:\/\/areabadalona.com\/diario\/wp-json\/wp\/v2\/tags?post=7034"}],"curies":[{"name":"wp","href":"https:\/\/api.w.org\/{rel}","templated":true}]}}