{"id":7031,"date":"2024-05-21T09:41:21","date_gmt":"2024-05-21T09:41:21","guid":{"rendered":"https:\/\/areabadalona.com\/diario\/?p=7031"},"modified":"2024-05-23T09:45:23","modified_gmt":"2024-05-23T09:45:23","slug":"a-partir-del-27-de-maig-sobre-el-termini-de-les-inscripcions-a-les-noces-dor-per-a-les-parelles-que-compleixen-50-anys-de-convivencia","status":"publish","type":"post","link":"https:\/\/areabadalona.com\/diario\/2024\/05\/21\/a-partir-del-27-de-maig-sobre-el-termini-de-les-inscripcions-a-les-noces-dor-per-a-les-parelles-que-compleixen-50-anys-de-convivencia\/","title":{"rendered":"A partir del 27 de maig s\u2019obre el termini de les inscripcions a les Noces d\u2019Or per a les parelles que compleixen 50 anys de conviv\u00e8ncia"},"content":{"rendered":"\n<p>L\u2019Ajuntament de Badalona tornar\u00e0 a recon\u00e8ixer, amb un acte festiu, a totes aquelles parelles que durant aquest any 2024 celebren les seves Noces d\u2019Or. A partir del 27 de maig s\u2019obrir\u00e0 el per\u00edode d\u2019inscripci\u00f3 per totes aquelles parelles que enguany facin els 50 anys de conviv\u00e8ncia i vulguin formar part de la celebraci\u00f3 de la 36a edici\u00f3 de les Noces d\u2019Or que tindr\u00e0 lloc el 28 d\u2019octubre al Palau Municipal d\u2019Esports de Badalona (Palau Ol\u00edmpic).<\/p>\n\n\n\n<p>Les inscripcions es poden formalitzar en qualsevol de les sis Oficines Municipals de Districte (OMD) que hi ha la ciutat. L\u2019Ajuntament ha habilitat dos per\u00edodes:<\/p>\n\n\n\n<ul class=\"wp-block-list\">\n<li>Des del 27 de maig fins al 26 de juliol.<\/li>\n\n\n\n<li>Des del 2 fins al 13 de setembre.<\/li>\n<\/ul>\n\n\n\n<p>L\u2019horari d\u2019atenci\u00f3 ser\u00e0 des de les 9.30 fins a les 13.30 hores.<\/p>\n\n\n\n<p>Les parelles nom\u00e9s cal que omplin el full d&#8217;inscripci\u00f3 que se\u2019ls facilitar\u00e0 a l\u2019OMD i portar els DNI dels dos membres, aix\u00ed com una fotoc\u00f2pia del llibre de fam\u00edlia o document equivalent, que acrediti els seus 50 anys de conviv\u00e8ncia.<\/p>\n\n\n\n<p>Un cop realitzada la inscripci\u00f3, les parelles rebran un resguard que permetr\u00e0 recollir la corresponen invitaci\u00f3 per a l\u2019acte de les Noces d\u2019Or. La invitaci\u00f3 es podr\u00e0 aconseguir entre els dies 16 de setembre i 11 d\u2019octubre a la planta baixa de l\u2019edifici municipal El Viver (pla\u00e7a de l\u2019Assemblea de Catalunya, 9) en horari de 8:30 a 13:30 hores.<\/p>\n\n\n\n<p>D\u2019altra banda, les parelles que van celebrar l\u2019any passat les seves Noces d\u2019Or, per\u00f2 que no hi van poder assistir a l\u2019acte malgrat haver-se inscrit podran participar enguany. Cal que es posin en contacte amb el Departament de Gent Gran de l\u2019Ajuntament de Badalona trucant al n\u00famero de tel\u00e8fon 93 483 29 71.<\/p>\n","protected":false},"excerpt":{"rendered":"<p>L\u2019Ajuntament de Badalona tornar\u00e0 a recon\u00e8ixer, amb un acte festiu, a totes aquelles parelles que durant aquest any 2024 celebren les seves Noces d\u2019Or. A partir del 27 de maig s\u2019obrir\u00e0 el per\u00edode d\u2019inscripci\u00f3 per totes aquelles parelles que enguany facin els 50 anys de conviv\u00e8ncia i vulguin formar part de la celebraci\u00f3 de la [&hellip;]<\/p>\n","protected":false},"author":2,"featured_media":7032,"comment_status":"open","ping_status":"open","sticky":false,"template":"","format":"standard","meta":{"footnotes":""},"categories":[24],"tags":[],"class_list":{"0":"post-7031","1":"post","2":"type-post","3":"status-publish","4":"format-standard","5":"has-post-thumbnail","7":"category-societat"},"_links":{"self":[{"href":"https:\/\/areabadalona.com\/diario\/wp-json\/wp\/v2\/posts\/7031","targetHints":{"allow":["GET"]}}],"collection":[{"href":"https:\/\/areabadalona.com\/diario\/wp-json\/wp\/v2\/posts"}],"about":[{"href":"https:\/\/areabadalona.com\/diario\/wp-json\/wp\/v2\/types\/post"}],"author":[{"embeddable":true,"href":"https:\/\/areabadalona.com\/diario\/wp-json\/wp\/v2\/users\/2"}],"replies":[{"embeddable":true,"href":"https:\/\/areabadalona.com\/diario\/wp-json\/wp\/v2\/comments?post=7031"}],"version-history":[{"count":1,"href":"https:\/\/areabadalona.com\/diario\/wp-json\/wp\/v2\/posts\/7031\/revisions"}],"predecessor-version":[{"id":7033,"href":"https:\/\/areabadalona.com\/diario\/wp-json\/wp\/v2\/posts\/7031\/revisions\/7033"}],"wp:featuredmedia":[{"embeddable":true,"href":"https:\/\/areabadalona.com\/diario\/wp-json\/wp\/v2\/media\/7032"}],"wp:attachment":[{"href":"https:\/\/areabadalona.com\/diario\/wp-json\/wp\/v2\/media?parent=7031"}],"wp:term":[{"taxonomy":"category","embeddable":true,"href":"https:\/\/areabadalona.com\/diario\/wp-json\/wp\/v2\/categories?post=7031"},{"taxonomy":"post_tag","embeddable":true,"href":"https:\/\/areabadalona.com\/diario\/wp-json\/wp\/v2\/tags?post=7031"}],"curies":[{"name":"wp","href":"https:\/\/api.w.org\/{rel}","templated":true}]}}