{"id":7029,"date":"2024-05-21T09:33:37","date_gmt":"2024-05-21T09:33:37","guid":{"rendered":"https:\/\/areabadalona.com\/diario\/?p=7029"},"modified":"2024-05-23T09:37:26","modified_gmt":"2024-05-23T09:37:26","slug":"carrera-es-mostra-preocupat-per-laugment-de-la-criminalitat-a-badalona","status":"publish","type":"post","link":"https:\/\/areabadalona.com\/diario\/2024\/05\/21\/carrera-es-mostra-preocupat-per-laugment-de-la-criminalitat-a-badalona\/","title":{"rendered":"Carrera es mostra preocupat per l&#8217;augment de la criminalitat a Badalona"},"content":{"rendered":"\n<p>El president del grup municipal del PSC, Fernando Carrera, s&#8217;ha mostrat molt preocupat per les darreres dades de criminalitat, presentades pel Ministeri d&#8217;Interior. Segons aquestes dades oficials no s\u00f3n bones per a Badalona. La criminalitat ha pujat per sobre del 15% durant el primer trimestre d&#8217;aquest\u00a02024, 10 punts m\u00e9s que la mitjana catalana. Els ciberdelictes i les agressions sexuals amb penetraci\u00f3 s\u00f3n els delictes que m\u00e9s augmenten respecte al mateix per\u00edode de 2023. A m\u00e9s, destaca l&#8217;augment dels robatoris amb for\u00e7a a domicilis i establiments i el tr\u00e0fic de drogues s\u00f3n altres dels punts on augmenta la criminalitat a Badalona, amb un 11,2% i un 20% respectivament. \u00abEstem davant dades que demostren que la recepta que va prometre el PP no funciona. Em preocupa molt les dades relacionades amb els delictes de droga, perqu\u00e8 d&#8217;aix\u00f2 en deriva l&#8217;augment de les dades delinq\u00fcencials. El govern pot maquillar com vulgui, que segur que far\u00e0, aquestes dades, per\u00f2 estem davant del frac\u00e0s de les pol\u00edtiques de seguretat del govern d&#8217;Albiol\u00bb, considera Carrera. Des del PSC demanar\u00e0 al govern que convoqui el consell de seguretat per tal que l&#8217;alcalde\u00a0doni explicacions, amb la participaci\u00f3 dels grups municipals, per analitzar aquestes dades.<\/p>\n","protected":false},"excerpt":{"rendered":"<p>El president del grup municipal del PSC, Fernando Carrera, s&#8217;ha mostrat molt preocupat per les darreres dades de criminalitat, presentades pel Ministeri d&#8217;Interior. Segons aquestes dades oficials no s\u00f3n bones per a Badalona. La criminalitat ha pujat per sobre del 15% durant el primer trimestre d&#8217;aquest\u00a02024, 10 punts m\u00e9s que la mitjana catalana. Els ciberdelictes [&hellip;]<\/p>\n","protected":false},"author":2,"featured_media":6731,"comment_status":"open","ping_status":"open","sticky":false,"template":"","format":"standard","meta":{"footnotes":""},"categories":[24],"tags":[],"class_list":{"0":"post-7029","1":"post","2":"type-post","3":"status-publish","4":"format-standard","5":"has-post-thumbnail","7":"category-societat"},"_links":{"self":[{"href":"https:\/\/areabadalona.com\/diario\/wp-json\/wp\/v2\/posts\/7029","targetHints":{"allow":["GET"]}}],"collection":[{"href":"https:\/\/areabadalona.com\/diario\/wp-json\/wp\/v2\/posts"}],"about":[{"href":"https:\/\/areabadalona.com\/diario\/wp-json\/wp\/v2\/types\/post"}],"author":[{"embeddable":true,"href":"https:\/\/areabadalona.com\/diario\/wp-json\/wp\/v2\/users\/2"}],"replies":[{"embeddable":true,"href":"https:\/\/areabadalona.com\/diario\/wp-json\/wp\/v2\/comments?post=7029"}],"version-history":[{"count":1,"href":"https:\/\/areabadalona.com\/diario\/wp-json\/wp\/v2\/posts\/7029\/revisions"}],"predecessor-version":[{"id":7030,"href":"https:\/\/areabadalona.com\/diario\/wp-json\/wp\/v2\/posts\/7029\/revisions\/7030"}],"wp:featuredmedia":[{"embeddable":true,"href":"https:\/\/areabadalona.com\/diario\/wp-json\/wp\/v2\/media\/6731"}],"wp:attachment":[{"href":"https:\/\/areabadalona.com\/diario\/wp-json\/wp\/v2\/media?parent=7029"}],"wp:term":[{"taxonomy":"category","embeddable":true,"href":"https:\/\/areabadalona.com\/diario\/wp-json\/wp\/v2\/categories?post=7029"},{"taxonomy":"post_tag","embeddable":true,"href":"https:\/\/areabadalona.com\/diario\/wp-json\/wp\/v2\/tags?post=7029"}],"curies":[{"name":"wp","href":"https:\/\/api.w.org\/{rel}","templated":true}]}}