{"id":7023,"date":"2024-05-17T09:27:24","date_gmt":"2024-05-17T09:27:24","guid":{"rendered":"https:\/\/areabadalona.com\/diario\/?p=7023"},"modified":"2024-05-23T09:28:29","modified_gmt":"2024-05-23T09:28:29","slug":"badalona-ret-homenatge-a-les-victimes-de-la-fabrica-haissa-amb-motiu-del-50e-aniversari-de-laccident","status":"publish","type":"post","link":"https:\/\/areabadalona.com\/diario\/2024\/05\/17\/badalona-ret-homenatge-a-les-victimes-de-la-fabrica-haissa-amb-motiu-del-50e-aniversari-de-laccident\/","title":{"rendered":"Badalona ret homenatge a les v\u00edctimes de la f\u00e0brica Haissa amb motiu del 50\u00e8 aniversari de l\u2019accident"},"content":{"rendered":"\n<p>La ciutat de Badalona ha homenatjat aquest divendres a la tarda amb un acte commemoratiu a les v\u00edctimes i fam\u00edlies afectades per l\u2019incendi de la f\u00e0brica Haissa coincidint amb el 50\u00e8 aniversari de&nbsp;l\u2019accident, que va oc\u00f3rrer el 17 de maig de 1974 i va suposar la mort de sis persones.<\/p>\n\n\n\n<p>L\u2019acte s\u2019ha celebrat a la pla\u00e7a dels Treballadors de la Haissa, ubicada al barri de Morera, i ha comptat amb els testimonis de familiars de les v\u00edctimes, d\u2019un treballador de la f\u00e0brica i de representants de l\u2019Associaci\u00f3 de Ve\u00efns del barri de Morera. Els assistents tamb\u00e9 han pogut escoltar l\u2019escrit redactat per a l\u2019ocasi\u00f3 per Emili Ferrando, autor del llibre <em>Haissa: Hist\u00f2ria d&#8217;una trag\u00e8dia obrera en el tardofranquisme, <\/em>quino ha pogut assistir-hi. Tamb\u00e9 hi han assistit representants dels grups municipals, de les entitats ve\u00efnals i sindicats. Una cantant i un cant coral s\u2019han encarregat de musicalitzar l\u2019acte.<\/p>\n\n\n\n<p>L\u2019alcalde de Badalona, Xavier Garcia Albiol, ha fet el darrer parlament de l\u2019acte, que s\u2019ha tancat amb un minut de silenci i una ofrena floral. Durant la seva intervenci\u00f3, l\u2019alcalde ha honorat la mem\u00f2ria de les v\u00edctimes i ha reivindicat la resili\u00e8ncia dels supervivents i la fortalesa de les fam\u00edlies que van haver de viure el dolor de la p\u00e8rdua.<\/p>\n\n\n\n<p>Xavier Garcia Albiol ha recordat amb emoci\u00f3 que quan va tenir lloc aquest succ\u00e9s ell tenia 6 anys i era ve\u00ed del barri. \u201dS\u2019ha fet un homenatge a les 6 persones que van morir i als seus familiars per una trag\u00e8dia que va impactar el barri de Morera, que va impactar Badalona i que em va impactar a mi personalment\u201d. \u201cEl fet que 50 anys despr\u00e9s que 6 persones perdessin la vida estiguem fent aquest homenatge \u00e9s la mostra m\u00e9s evident que trag\u00e8dies com la que es va viure al barri de Morera no s\u2019han de tornar a repetir\u201d. \u201cLes condicions dels treballadors, per sort, han millorat, per\u00f2 encara tenim molta feina per fer\u201d, ha assegurat. Tamb\u00e9 ha explicat que l\u2019escultura creada l\u2019any 2014 i situada a la pla\u00e7a en homenatge a les 6 v\u00edctimes ha estat recentment restaurada i ha demanat respecte per a una obra que recorda la hist\u00f2ria i el passat del barri.<\/p>\n","protected":false},"excerpt":{"rendered":"<p>La ciutat de Badalona ha homenatjat aquest divendres a la tarda amb un acte commemoratiu a les v\u00edctimes i fam\u00edlies afectades per l\u2019incendi de la f\u00e0brica Haissa coincidint amb el 50\u00e8 aniversari de&nbsp;l\u2019accident, que va oc\u00f3rrer el 17 de maig de 1974 i va suposar la mort de sis persones. L\u2019acte s\u2019ha celebrat a la [&hellip;]<\/p>\n","protected":false},"author":2,"featured_media":7024,"comment_status":"open","ping_status":"open","sticky":false,"template":"","format":"standard","meta":{"footnotes":""},"categories":[24],"tags":[],"class_list":{"0":"post-7023","1":"post","2":"type-post","3":"status-publish","4":"format-standard","5":"has-post-thumbnail","7":"category-societat"},"_links":{"self":[{"href":"https:\/\/areabadalona.com\/diario\/wp-json\/wp\/v2\/posts\/7023","targetHints":{"allow":["GET"]}}],"collection":[{"href":"https:\/\/areabadalona.com\/diario\/wp-json\/wp\/v2\/posts"}],"about":[{"href":"https:\/\/areabadalona.com\/diario\/wp-json\/wp\/v2\/types\/post"}],"author":[{"embeddable":true,"href":"https:\/\/areabadalona.com\/diario\/wp-json\/wp\/v2\/users\/2"}],"replies":[{"embeddable":true,"href":"https:\/\/areabadalona.com\/diario\/wp-json\/wp\/v2\/comments?post=7023"}],"version-history":[{"count":1,"href":"https:\/\/areabadalona.com\/diario\/wp-json\/wp\/v2\/posts\/7023\/revisions"}],"predecessor-version":[{"id":7025,"href":"https:\/\/areabadalona.com\/diario\/wp-json\/wp\/v2\/posts\/7023\/revisions\/7025"}],"wp:featuredmedia":[{"embeddable":true,"href":"https:\/\/areabadalona.com\/diario\/wp-json\/wp\/v2\/media\/7024"}],"wp:attachment":[{"href":"https:\/\/areabadalona.com\/diario\/wp-json\/wp\/v2\/media?parent=7023"}],"wp:term":[{"taxonomy":"category","embeddable":true,"href":"https:\/\/areabadalona.com\/diario\/wp-json\/wp\/v2\/categories?post=7023"},{"taxonomy":"post_tag","embeddable":true,"href":"https:\/\/areabadalona.com\/diario\/wp-json\/wp\/v2\/tags?post=7023"}],"curies":[{"name":"wp","href":"https:\/\/api.w.org\/{rel}","templated":true}]}}