{"id":7020,"date":"2024-05-17T09:25:16","date_gmt":"2024-05-17T09:25:16","guid":{"rendered":"https:\/\/areabadalona.com\/diario\/?p=7020"},"modified":"2024-05-23T09:26:05","modified_gmt":"2024-05-23T09:26:05","slug":"badalona-commemora-aquest-divendres-17-de-maig-el-dia-internacional-contra-la-lgtbiqfobia","status":"publish","type":"post","link":"https:\/\/areabadalona.com\/diario\/2024\/05\/17\/badalona-commemora-aquest-divendres-17-de-maig-el-dia-internacional-contra-la-lgtbiqfobia\/","title":{"rendered":"Badalona commemora aquest divendres 17 de maig el Dia Internacional contra la LGTBIQ+f\u00f2bia"},"content":{"rendered":"\n<p>Avui divendres, 17 de maig, Badalona commemora el Dia Internacional contra la LGTBI+f\u00f2bia amb l\u2019objectiu de sensibilitzar la ciutadania contra totes les formes de discriminaci\u00f3 del col\u00b7lectiu LGTBIQ+ i de la import\u00e0ncia de respectar la diversitat sexual, de g\u00e8nere i d\u2019orientaci\u00f3 de totes les persones a i, a la vegada, fer con\u00e8ixer els recursos d&#8217;orientaci\u00f3 i ajuda de q\u00fcestions LGTBIQ+ de la ciutat.<\/p>\n\n\n\n<p>Des de 2023 Badalona compta amb un nou Servei d\u2019Atenci\u00f3 Integral per al col\u00b7lectiu LGTBIQ+ per treballar la sensibilitzaci\u00f3 contra les viol\u00e8ncies i discriminacions.<\/p>\n\n\n\n<p>Per commemorar aquesta jornada, que correspon al dia de l\u2019any 1990 en el qual l\u2019homosexualitat va ser retirada de la llista de malalties mentals de l\u2019Assemblea General de l&#8217;Organitzaci\u00f3 Mundial de la Salut (l\u2019OMS), s\u2019ha hissat la bandera de l\u2019arc de Sant Mart\u00ed a la fa\u00e7ana de la Casa de la Vila durant tot el dia i s\u2019han organitzat diverses activitats.<\/p>\n\n\n\n<p>Avui divendres, 17 de maig, les 21.30 hores, a l\u2019espai Gripau Blau Kaja! (Av. Prat de la Riba, 93), amb una <strong>Nit de cinema + col\u00b7loqui<\/strong> amb la projecci\u00f3 del documental <em>Tacones sobre Ruedas.<\/em>&nbsp;L\u2019acte comptar\u00e0amb la pres\u00e8ncia del director Pau Canivell &nbsp;i amb Qaliubdn i Gripaublaukaja. L\u2019activitat \u00e9s de taquilla inversa. Espai accessible.<\/p>\n\n\n\n<p>D\u2019altra banda dimarts, 21 de maig, de 17.30 a 19 hores, el Badiu Jove (c. d\u2019Ausi\u00e0s Marc, 61) organitza el taller Combatim la LGTBIQ+f\u00f2bia. Estrat\u00e8gies per fer-ne front. La finalitat del taller \u00e9s facilitar informaci\u00f3 sobre els diferents serveis que ofereix la ciutat envers la comunitat LGTBIQ: SAI (Servei d&#8217;Atenci\u00f3 Integral), Unitat Tr\u00e0nsit, Qaliu i, per altra part, pensar de manera conjunta estrat\u00e8gies per fer front els atacs LGTBIQ+f\u00f2bics. El taller est\u00e0 adre\u00e7at a joves de 12 a 35 anys.<\/p>\n\n\n\n<p>Coincidint amb aquesta commemoraci\u00f3 la regidora de Feminismes i LGTBIQ+ de l\u2019Ajuntament de Badalona, Flor\u00e8ncia Badia, ha volgut manifestar que totes les persones \u201cneixen lliures i iguals en dignitat i drets\u201d. Segons Badia \u201cmalgrat que hem fet cam\u00ed en la nostra ciutat, hem de continuar enfrontant-nos a les viol\u00e8ncies i desigualtats tant en el sector p\u00fablic com el privat\u201d.<\/p>\n","protected":false},"excerpt":{"rendered":"<p>Avui divendres, 17 de maig, Badalona commemora el Dia Internacional contra la LGTBI+f\u00f2bia amb l\u2019objectiu de sensibilitzar la ciutadania contra totes les formes de discriminaci\u00f3 del col\u00b7lectiu LGTBIQ+ i de la import\u00e0ncia de respectar la diversitat sexual, de g\u00e8nere i d\u2019orientaci\u00f3 de totes les persones a i, a la vegada, fer con\u00e8ixer els recursos d&#8217;orientaci\u00f3 [&hellip;]<\/p>\n","protected":false},"author":2,"featured_media":7021,"comment_status":"open","ping_status":"open","sticky":false,"template":"","format":"standard","meta":{"footnotes":""},"categories":[24],"tags":[],"class_list":{"0":"post-7020","1":"post","2":"type-post","3":"status-publish","4":"format-standard","5":"has-post-thumbnail","7":"category-societat"},"_links":{"self":[{"href":"https:\/\/areabadalona.com\/diario\/wp-json\/wp\/v2\/posts\/7020","targetHints":{"allow":["GET"]}}],"collection":[{"href":"https:\/\/areabadalona.com\/diario\/wp-json\/wp\/v2\/posts"}],"about":[{"href":"https:\/\/areabadalona.com\/diario\/wp-json\/wp\/v2\/types\/post"}],"author":[{"embeddable":true,"href":"https:\/\/areabadalona.com\/diario\/wp-json\/wp\/v2\/users\/2"}],"replies":[{"embeddable":true,"href":"https:\/\/areabadalona.com\/diario\/wp-json\/wp\/v2\/comments?post=7020"}],"version-history":[{"count":1,"href":"https:\/\/areabadalona.com\/diario\/wp-json\/wp\/v2\/posts\/7020\/revisions"}],"predecessor-version":[{"id":7022,"href":"https:\/\/areabadalona.com\/diario\/wp-json\/wp\/v2\/posts\/7020\/revisions\/7022"}],"wp:featuredmedia":[{"embeddable":true,"href":"https:\/\/areabadalona.com\/diario\/wp-json\/wp\/v2\/media\/7021"}],"wp:attachment":[{"href":"https:\/\/areabadalona.com\/diario\/wp-json\/wp\/v2\/media?parent=7020"}],"wp:term":[{"taxonomy":"category","embeddable":true,"href":"https:\/\/areabadalona.com\/diario\/wp-json\/wp\/v2\/categories?post=7020"},{"taxonomy":"post_tag","embeddable":true,"href":"https:\/\/areabadalona.com\/diario\/wp-json\/wp\/v2\/tags?post=7020"}],"curies":[{"name":"wp","href":"https:\/\/api.w.org\/{rel}","templated":true}]}}