{"id":7017,"date":"2024-05-17T09:23:44","date_gmt":"2024-05-17T09:23:44","guid":{"rendered":"https:\/\/areabadalona.com\/diario\/?p=7017"},"modified":"2024-05-23T09:24:23","modified_gmt":"2024-05-23T09:24:23","slug":"badalona-incorpora-un-gerent-amb-lobjectiu-de-transformar-lajuntament-en-una-administracio-mes-moderna-i-agil-per-donar-un-millor-servei-als-veins","status":"publish","type":"post","link":"https:\/\/areabadalona.com\/diario\/2024\/05\/17\/badalona-incorpora-un-gerent-amb-lobjectiu-de-transformar-lajuntament-en-una-administracio-mes-moderna-i-agil-per-donar-un-millor-servei-als-veins\/","title":{"rendered":"Badalona incorpora un gerent amb l\u2019objectiu de transformar l\u2019Ajuntament en una administraci\u00f3 m\u00e9s moderna i \u00e0gil per donar un millor servei als ve\u00efns"},"content":{"rendered":"\n<p>L\u2019Ajuntament de Badalona ha incorporat a la seva estructura un gerent, amb l\u2019objectiu de transformar-se en una administraci\u00f3 m\u00e9s moderna i \u00e0gil, per donar un millor servei als ve\u00efns. El nou gerent, que ha superat el proc\u00e9s de selecci\u00f3 d\u2019aquest lloc de treball, \u00e9s Jofre Clofent Calsapeu, llicenciat en Dret i expert en contractaci\u00f3 p\u00fablica. Aquest mat\u00ed l\u2019alcalde de Badalona, Xavier Garcia Albiol, i l\u2019alt directiu han signat el nomenament en un acte en el qual han estat presents els tinents d\u2019alcaldia del Govern municipal i la regidora de Recursos Humans.<\/p>\n\n\n\n<p>L\u2019alcalde de Badalona ha remarcat que la incorporaci\u00f3 del gerent \u201c\u00e9s un pas molt important en les mesures que est\u00e0 prenent el govern municipal per&nbsp; modernitzar l\u2019estructura i el funcionament de l\u2019Ajuntament de la tercera ciutat de Catalunya\u201d. Garcia Albiol ha afegit que \u201cno podia ser que una administraci\u00f3 amb m\u00e9s d\u2019un miler de treballadors no dispos\u00e9s d\u2019un responsable que s\u2019ocupi que l\u2019Ajuntament sigui \u00e0gil en la prestaci\u00f3 de serveis a la ciutadania\u201d. \u201cLa confian\u00e7a que ens han atorgat els ve\u00efns, amb una majoria absoluta, ens permet superar la inestabilitat pol\u00edtica que ha patit Badalona durant els \u00faltims anys i portar endavant la incorporaci\u00f3 d\u2019aquesta figura clau en l\u2019administraci\u00f3\u201d, ha concl\u00f2s l\u2019alcalde.<\/p>\n\n\n\n<p>Xavier Garcia Albiol tamb\u00e9 ha assegurat que en poques setmanes es podran veure les primeres millores, at\u00e8s que el nou gerent ja havia treballat a l\u2019Ajuntament i t\u00e9 l\u2019avantatge de con\u00e8ixer de primera m\u00e0 el seu funcionament intern.<\/p>\n\n\n\n<p>A l\u2019acte de signatura d\u2019incorporaci\u00f3 del nou gerent de l\u2019Ajuntament de Badalona tamb\u00e9 han estat presents la regidora de Recursos Humans i els tinents d\u2019alcaldia del Govern municipal.<\/p>\n\n\n\n<p>Jofre Clofent Calsapeu, Jofre Clofent Calsapeu, \u00e9s Llicenciat en Dret per la Universitat de Barcelona i funcionari de carrera de l\u2019Administraci\u00f3 Local. Al llarg de la seva traject\u00f2ria professional ha estat lletrat de la Junta Consultiva de Contractaci\u00f3 Administrativa de la Generalitat de Catalunya i cap del servei de Contractaci\u00f3 de l\u2019Ajuntament de Premi\u00e0 de Mar (2007-2020) i de Badalona (2020-2022). Tamb\u00e9 ha desenvolupat responsabilitats professionals amb els consells comarcals d\u2019Osona o el Maresme, i l\u2019Ajuntament de Molins de Rei, el Masnou o Alella.<\/p>\n\n\n\n<p>Exerceix la doc\u00e8ncia en mat\u00e8ria de contractaci\u00f3 p\u00fablica per al Servei d\u2019Assist\u00e8ncia Municipal de la Diputaci\u00f3 de Tarragona, l\u2019Associaci\u00f3 Catalana de Municipis i Comarques, l\u2019Escola d\u2019Administraci\u00f3 P\u00fablica de Catalunya o en el M\u00e0ster de Contractaci\u00f3 P\u00fablica Avan\u00e7ada de la Universitat de Barcelona.<\/p>\n\n\n\n<p>Abans de la seva incorporaci\u00f3 a l\u2019Ajuntament de Badalona ha estat secretari general i cap de Qualitat Administrativa de l\u2019Ajuntament de Premi\u00e0 de Mar.<\/p>\n","protected":false},"excerpt":{"rendered":"<p>L\u2019Ajuntament de Badalona ha incorporat a la seva estructura un gerent, amb l\u2019objectiu de transformar-se en una administraci\u00f3 m\u00e9s moderna i \u00e0gil, per donar un millor servei als ve\u00efns. El nou gerent, que ha superat el proc\u00e9s de selecci\u00f3 d\u2019aquest lloc de treball, \u00e9s Jofre Clofent Calsapeu, llicenciat en Dret i expert en contractaci\u00f3 p\u00fablica. [&hellip;]<\/p>\n","protected":false},"author":2,"featured_media":7018,"comment_status":"open","ping_status":"open","sticky":false,"template":"","format":"standard","meta":{"footnotes":""},"categories":[23],"tags":[],"class_list":{"0":"post-7017","1":"post","2":"type-post","3":"status-publish","4":"format-standard","5":"has-post-thumbnail","7":"category-actualitat"},"_links":{"self":[{"href":"https:\/\/areabadalona.com\/diario\/wp-json\/wp\/v2\/posts\/7017","targetHints":{"allow":["GET"]}}],"collection":[{"href":"https:\/\/areabadalona.com\/diario\/wp-json\/wp\/v2\/posts"}],"about":[{"href":"https:\/\/areabadalona.com\/diario\/wp-json\/wp\/v2\/types\/post"}],"author":[{"embeddable":true,"href":"https:\/\/areabadalona.com\/diario\/wp-json\/wp\/v2\/users\/2"}],"replies":[{"embeddable":true,"href":"https:\/\/areabadalona.com\/diario\/wp-json\/wp\/v2\/comments?post=7017"}],"version-history":[{"count":1,"href":"https:\/\/areabadalona.com\/diario\/wp-json\/wp\/v2\/posts\/7017\/revisions"}],"predecessor-version":[{"id":7019,"href":"https:\/\/areabadalona.com\/diario\/wp-json\/wp\/v2\/posts\/7017\/revisions\/7019"}],"wp:featuredmedia":[{"embeddable":true,"href":"https:\/\/areabadalona.com\/diario\/wp-json\/wp\/v2\/media\/7018"}],"wp:attachment":[{"href":"https:\/\/areabadalona.com\/diario\/wp-json\/wp\/v2\/media?parent=7017"}],"wp:term":[{"taxonomy":"category","embeddable":true,"href":"https:\/\/areabadalona.com\/diario\/wp-json\/wp\/v2\/categories?post=7017"},{"taxonomy":"post_tag","embeddable":true,"href":"https:\/\/areabadalona.com\/diario\/wp-json\/wp\/v2\/tags?post=7017"}],"curies":[{"name":"wp","href":"https:\/\/api.w.org\/{rel}","templated":true}]}}