{"id":7014,"date":"2024-05-20T09:21:14","date_gmt":"2024-05-20T09:21:14","guid":{"rendered":"https:\/\/areabadalona.com\/diario\/?p=7014"},"modified":"2024-05-23T09:22:47","modified_gmt":"2024-05-23T09:22:47","slug":"cryptshow-festival-presenta-the-crow-show-un-tribut-a-la-bso-de-the-crow-1994-en-el-30e-aniversari-de-la-pel%c2%b7licula","status":"publish","type":"post","link":"https:\/\/areabadalona.com\/diario\/2024\/05\/20\/cryptshow-festival-presenta-the-crow-show-un-tribut-a-la-bso-de-the-crow-1994-en-el-30e-aniversari-de-la-pel%c2%b7licula\/","title":{"rendered":"Cryptshow Festival presenta The Crow Show, un tribut a la BSO de The Crow (1994) en el 30\u00e8 aniversari de la pel\u00b7l\u00edcula"},"content":{"rendered":"\n<p>Divendres 24 de maig a les 21h30, <strong>Cryptshow Festival <\/strong>celebra una festa de presentaci\u00f3 del certamen, l\u2019any que compleix la seva majoria d\u2019edat. Durant l\u2019acte es donaran a con\u00e8ixer m\u00e9s detalls de la programaci\u00f3 que ocupar\u00e0, un any m\u00e9s dos caps de setmana. El primer cap de setmana, 29 de juny, centrarem les activitats al voltant de la literatura amb presentacions de llibres i editorials, as\u00ed como un recital po\u00e8tico al badiu de l\u2019Hostal Solimar. Una setmana despr\u00e9s, els dies 5, 6 i 7 de juliol, el cinema omplir\u00e0 el Teatre El C\u00edrcol amb la Secci\u00f3 Oficial de Curtmetratges Internacionals, l\u2019\u00d2pera Prima, la Nit Asi\u00e0tica i la Clausura, amb un nou espectacle a c\u00e0rrec d\u2019Agust\u00ed Busom.<\/p>\n\n\n\n<p><strong>Concert The Crow Show<\/strong><br>Per anar escalfant motors, i celebrar la majoria d\u2019edat, hem programat <strong>The Crow Show<\/strong>, un tribut en directe a la Banda Sonora Original de la pel\u00b7l\u00edcula <em>The Crow<\/em> (1994). En motiu del 30\u00e8 aniversari de l&#8217;estrena de la pel\u00b7l\u00edcula set m\u00fasics, sorgits de la Badalona dels 90 als carrers del carrer Ind\u00fastria, s\u2019han retrobat per versionar i retre un petit homenatge a l\u2019espectacular BSO, a la pel\u00b7l\u00edcula i a aquella \u00e8poca.&nbsp;<\/p>\n\n\n\n<p><em>The Crow<\/em>, pel\u00b7l\u00edcula del 1994, \u00e9s l\u2019adaptaci\u00f3 a la gran pantalla del c\u00f2mic de James O\u2019barr publicat al 1989, i s\u2019ha convertit en una pel\u00b7l\u00edcula de culte del cinema fant\u00e0stic m\u00e9s g\u00f2tic gr\u00e0cies a la fant\u00e0stica banda sonora, l\u2019ambientaci\u00f3, la narraci\u00f3, els efectes especials de l\u2019\u00e8poca i la mort de Brandon Lee (encarnant Eric Draven) durant la filmaci\u00f3 de pel\u00b7l\u00edcula.<\/p>\n","protected":false},"excerpt":{"rendered":"<p>Divendres 24 de maig a les 21h30, Cryptshow Festival celebra una festa de presentaci\u00f3 del certamen, l\u2019any que compleix la seva majoria d\u2019edat. Durant l\u2019acte es donaran a con\u00e8ixer m\u00e9s detalls de la programaci\u00f3 que ocupar\u00e0, un any m\u00e9s dos caps de setmana. El primer cap de setmana, 29 de juny, centrarem les activitats al [&hellip;]<\/p>\n","protected":false},"author":2,"featured_media":7015,"comment_status":"open","ping_status":"open","sticky":false,"template":"","format":"standard","meta":{"footnotes":""},"categories":[25],"tags":[],"class_list":{"0":"post-7014","1":"post","2":"type-post","3":"status-publish","4":"format-standard","5":"has-post-thumbnail","7":"category-cultura"},"_links":{"self":[{"href":"https:\/\/areabadalona.com\/diario\/wp-json\/wp\/v2\/posts\/7014","targetHints":{"allow":["GET"]}}],"collection":[{"href":"https:\/\/areabadalona.com\/diario\/wp-json\/wp\/v2\/posts"}],"about":[{"href":"https:\/\/areabadalona.com\/diario\/wp-json\/wp\/v2\/types\/post"}],"author":[{"embeddable":true,"href":"https:\/\/areabadalona.com\/diario\/wp-json\/wp\/v2\/users\/2"}],"replies":[{"embeddable":true,"href":"https:\/\/areabadalona.com\/diario\/wp-json\/wp\/v2\/comments?post=7014"}],"version-history":[{"count":1,"href":"https:\/\/areabadalona.com\/diario\/wp-json\/wp\/v2\/posts\/7014\/revisions"}],"predecessor-version":[{"id":7016,"href":"https:\/\/areabadalona.com\/diario\/wp-json\/wp\/v2\/posts\/7014\/revisions\/7016"}],"wp:featuredmedia":[{"embeddable":true,"href":"https:\/\/areabadalona.com\/diario\/wp-json\/wp\/v2\/media\/7015"}],"wp:attachment":[{"href":"https:\/\/areabadalona.com\/diario\/wp-json\/wp\/v2\/media?parent=7014"}],"wp:term":[{"taxonomy":"category","embeddable":true,"href":"https:\/\/areabadalona.com\/diario\/wp-json\/wp\/v2\/categories?post=7014"},{"taxonomy":"post_tag","embeddable":true,"href":"https:\/\/areabadalona.com\/diario\/wp-json\/wp\/v2\/tags?post=7014"}],"curies":[{"name":"wp","href":"https:\/\/api.w.org\/{rel}","templated":true}]}}