{"id":7011,"date":"2024-05-16T09:17:52","date_gmt":"2024-05-16T09:17:52","guid":{"rendered":"https:\/\/areabadalona.com\/diario\/?p=7011"},"modified":"2024-05-23T09:19:58","modified_gmt":"2024-05-23T09:19:58","slug":"la-biblioteca-central-urbana-can-casacuberta-afronta-les-obres-definitives-que-posaran-punt-i-final-a-cinc-anys-de-tancaments-constants","status":"publish","type":"post","link":"https:\/\/areabadalona.com\/diario\/2024\/05\/16\/la-biblioteca-central-urbana-can-casacuberta-afronta-les-obres-definitives-que-posaran-punt-i-final-a-cinc-anys-de-tancaments-constants\/","title":{"rendered":"La Biblioteca Central Urbana Can Casacuberta afronta les obres definitives que posaran punt i final a cinc anys de tancaments constants"},"content":{"rendered":"\n<p>La Biblioteca Central Urbana Can Casacuberta afrontar\u00e0 aquest mes de juny les obres definitives que posaran punt final als problemes de goteres i de climatitzaci\u00f3 que pateix aquest equipament des de fa temps i a cinc anys de tancaments temporals constants. La previsi\u00f3 \u00e9s que aquestes obres comencin al juny i tinguin una durada de sis o set mesos.<\/p>\n\n\n\n<p>L\u2019alcalde de Badalona, Xavier Garcia Albiol, ha anunciat avui aquestes obres tan esperades pels usuaris i ha afirmat ser conscient que \u201cl\u2019estat de la biblioteca actualment \u00e9s lamentable\u201d. \u201cEl que no vull \u00e9s que es continu\u00ef vivint el que s\u2019ha viscut en els darrers anys, que la biblioteca cada dos per tres s\u2019ha de tancar perqu\u00e8 quan no li passa una cosa li passa una altra\u201d, ha afirmat Garcia Albiol. \u201cAmb aquestes obres complim amb el comprom\u00eds de tenir la Biblioteca Central de la ciutat en condicions \u00f2ptimes i acabem amb els nyaps que s\u2019han fet durant els \u00faltims anys i que no estaven a l\u2019altura d\u2019una ciutat com la nostra\u201d, ha afegit.<\/p>\n\n\n\n<p>Les obres previstes resoldran tant el mal estat de la teulada, que provoca el problema que quan plou hi entra l\u2019aigua, com els problemes de temperatura. Durant els mesos que durin els treballs la biblioteca haur\u00e0 de tancar les&nbsp; portes. Durant aquest per\u00edode s\u2019ofereix com a alternativa als usuaris la biblioteca Canyad\u00f3 i Casagemes \u2013 Joan Argent\u00e9 i la sala d\u2019estudis del Centre Cultural El Carme.<\/p>\n\n\n\n<p>Xavier Garcia Albiol s\u2019ha mostrat conven\u00e7ut que els usuaris habituals de la Biblioteca Can Casacuberta estaran contents d\u2019aquest tancament \u201cperqu\u00e8 es tanca per arreglar-la de manera definitiva i deixar-la en condicions dignes per als usuaris\u201d i ha afegit que, una vegada s\u2019hagin fet aquestes obres, quedar\u00e0 pendent una altra actuaci\u00f3 per modernitzar l\u2019equipament.<\/p>\n\n\n\n<p>La Biblioteca Central Urbana Can Casacuberta de Badalona va tornar a reobrir les seves el passat 18 de desembre, despr\u00e9s de m\u00e9s de tres anys clausurada, per\u00f2 el govern municipal ja havia manifestat que la instal\u00b7laci\u00f3 tenia encara pendent la finalitzaci\u00f3 d\u2019obres en la coberta de zinc i la millora d\u2019alguns elements del sistema de climatitzaci\u00f3.<\/p>\n","protected":false},"excerpt":{"rendered":"<p>La Biblioteca Central Urbana Can Casacuberta afrontar\u00e0 aquest mes de juny les obres definitives que posaran punt final als problemes de goteres i de climatitzaci\u00f3 que pateix aquest equipament des de fa temps i a cinc anys de tancaments temporals constants. La previsi\u00f3 \u00e9s que aquestes obres comencin al juny i tinguin una durada de [&hellip;]<\/p>\n","protected":false},"author":2,"featured_media":7012,"comment_status":"open","ping_status":"open","sticky":false,"template":"","format":"standard","meta":{"footnotes":""},"categories":[24],"tags":[],"class_list":{"0":"post-7011","1":"post","2":"type-post","3":"status-publish","4":"format-standard","5":"has-post-thumbnail","7":"category-societat"},"_links":{"self":[{"href":"https:\/\/areabadalona.com\/diario\/wp-json\/wp\/v2\/posts\/7011","targetHints":{"allow":["GET"]}}],"collection":[{"href":"https:\/\/areabadalona.com\/diario\/wp-json\/wp\/v2\/posts"}],"about":[{"href":"https:\/\/areabadalona.com\/diario\/wp-json\/wp\/v2\/types\/post"}],"author":[{"embeddable":true,"href":"https:\/\/areabadalona.com\/diario\/wp-json\/wp\/v2\/users\/2"}],"replies":[{"embeddable":true,"href":"https:\/\/areabadalona.com\/diario\/wp-json\/wp\/v2\/comments?post=7011"}],"version-history":[{"count":1,"href":"https:\/\/areabadalona.com\/diario\/wp-json\/wp\/v2\/posts\/7011\/revisions"}],"predecessor-version":[{"id":7013,"href":"https:\/\/areabadalona.com\/diario\/wp-json\/wp\/v2\/posts\/7011\/revisions\/7013"}],"wp:featuredmedia":[{"embeddable":true,"href":"https:\/\/areabadalona.com\/diario\/wp-json\/wp\/v2\/media\/7012"}],"wp:attachment":[{"href":"https:\/\/areabadalona.com\/diario\/wp-json\/wp\/v2\/media?parent=7011"}],"wp:term":[{"taxonomy":"category","embeddable":true,"href":"https:\/\/areabadalona.com\/diario\/wp-json\/wp\/v2\/categories?post=7011"},{"taxonomy":"post_tag","embeddable":true,"href":"https:\/\/areabadalona.com\/diario\/wp-json\/wp\/v2\/tags?post=7011"}],"curies":[{"name":"wp","href":"https:\/\/api.w.org\/{rel}","templated":true}]}}