{"id":7008,"date":"2024-05-21T11:30:53","date_gmt":"2024-05-21T11:30:53","guid":{"rendered":"https:\/\/areabadalona.com\/diario\/?p=7008"},"modified":"2024-05-22T11:31:34","modified_gmt":"2024-05-22T11:31:34","slug":"375-alumnes-de-cinque-de-primaria-descoles-de-badalona-participaran-divendres-en-el-12e-mercat-de-cooperatives-escolars-als-encants-de-montigala","status":"publish","type":"post","link":"https:\/\/areabadalona.com\/diario\/2024\/05\/21\/375-alumnes-de-cinque-de-primaria-descoles-de-badalona-participaran-divendres-en-el-12e-mercat-de-cooperatives-escolars-als-encants-de-montigala\/","title":{"rendered":"375 alumnes de cinqu\u00e8 de Prim\u00e0ria d\u2019escoles de Badalona participaran divendres en el 12\u00e8 Mercat de Cooperatives Escolars, als encants de Montigal\u00e0"},"content":{"rendered":"\n<p>375 alumnes de 5\u00e8 de prim\u00e0ria de les escoles Badalon\u00e8s; \u00cdtaca, Joan Coret; Llorens Artigas; Miguel Hern\u00e1ndez; Pau Picasso; Salvador Espriu i Tur\u00f3 d\u2019en Caritg posaran a la venda el pr\u00f2xim divendres 24 de maig, de 9 a 12 hores, als Encants de Montigal\u00e0 els productes que han elaborat les quinze cooperatives creades pels mateixos alumnes en el marc del projecte \u201cCultura emprenedora a l\u2019escola\u201d.<\/p>\n\n\n\n<p>Aquest projecte educatiu, amb la novetat de la incorporaci\u00f3 enguany de l\u2019escola Salvador Espriu, inclou que cada cooperativa hagi aprovat els seus estatuts, hagi creat la junta directiva, hagi demanat la seva inclusi\u00f3 en el registre municipal de cooperatives escolars i hagi presentat la sol\u00b7licitud del perm\u00eds per posar una parada en els encants, portant a terme un taller sobre el m\u00f3n de l\u2019empresa i el de les cooperatives, a c\u00e0rrec de servei d&#8217;Impuls Municipal de Promoci\u00f3 de l&#8217;Ocupaci\u00f3 (IMPO). Posteriorment, donat que han de destinar una part dels seus possibles beneficis a una ONG, els infants han fet un taller sobre Responsabilitat Social Empresarial.<\/p>\n\n\n\n<p>Paral\u00b7lelament, els alumnes de 5\u00e8 tamb\u00e9 han hagut de treballar la imatge corporativa i el seu logotip, amb el suport per aquesta feina de l&#8217;alumnat de Publicitat i Disseny de l&#8217;Institut Eugeni d&#8217;Ors. Finalment, han fet un taller sobre finan\u00e7ament i banca \u00e8tica, amb la col\u00b7laboraci\u00f3 d\u2019una responsable de Triodos Bank. Totes les cooperatives han comptat amb el suport de les cooperatives Gramagraf i La Sargantana, vinculades a l\u2019Ateneu Cooperatiu Barcelon\u00e8s Nord, que han ajudat als estudiants a portar a terme l\u2019estudi de mercat, en l\u2019elecci\u00f3 dels productes que han elaborat i en el coneixement dels valors i la pr\u00e0ctica del cooperativisme a la nostra ciutat.<\/p>\n\n\n\n<p>El projecte est\u00e0 integrat en el Pla anual de cada centre i afavoreix el desenvolupament de les compet\u00e8ncies b\u00e0siques del curr\u00edculum escolar. \u201cCultura emprenedora a l\u2019escola\u201d s\u2019est\u00e0 duent a terme durant aquest curs a 292 escoles de 113 municipis catalans, amb m\u00e9s de 460 cooperatives creades per m\u00e9s de 11.000 alumnes de cicle superior de prim\u00e0ria. El projecte est\u00e0 promogut, des del curs 2011-12, per la Diputaci\u00f3 de Barcelona, i organitzat, a Badalona, per l\u2019\u00e0mbit d\u2019Impuls Econ\u00f2mic i l\u2019\u00e0mbit d\u2019Educaci\u00f3 de l\u2019Ajuntament de Badalona.<\/p>\n","protected":false},"excerpt":{"rendered":"<p>375 alumnes de 5\u00e8 de prim\u00e0ria de les escoles Badalon\u00e8s; \u00cdtaca, Joan Coret; Llorens Artigas; Miguel Hern\u00e1ndez; Pau Picasso; Salvador Espriu i Tur\u00f3 d\u2019en Caritg posaran a la venda el pr\u00f2xim divendres 24 de maig, de 9 a 12 hores, als Encants de Montigal\u00e0 els productes que han elaborat les quinze cooperatives creades pels mateixos [&hellip;]<\/p>\n","protected":false},"author":2,"featured_media":7009,"comment_status":"open","ping_status":"open","sticky":false,"template":"","format":"standard","meta":{"footnotes":""},"categories":[24],"tags":[],"class_list":{"0":"post-7008","1":"post","2":"type-post","3":"status-publish","4":"format-standard","5":"has-post-thumbnail","7":"category-societat"},"_links":{"self":[{"href":"https:\/\/areabadalona.com\/diario\/wp-json\/wp\/v2\/posts\/7008","targetHints":{"allow":["GET"]}}],"collection":[{"href":"https:\/\/areabadalona.com\/diario\/wp-json\/wp\/v2\/posts"}],"about":[{"href":"https:\/\/areabadalona.com\/diario\/wp-json\/wp\/v2\/types\/post"}],"author":[{"embeddable":true,"href":"https:\/\/areabadalona.com\/diario\/wp-json\/wp\/v2\/users\/2"}],"replies":[{"embeddable":true,"href":"https:\/\/areabadalona.com\/diario\/wp-json\/wp\/v2\/comments?post=7008"}],"version-history":[{"count":1,"href":"https:\/\/areabadalona.com\/diario\/wp-json\/wp\/v2\/posts\/7008\/revisions"}],"predecessor-version":[{"id":7010,"href":"https:\/\/areabadalona.com\/diario\/wp-json\/wp\/v2\/posts\/7008\/revisions\/7010"}],"wp:featuredmedia":[{"embeddable":true,"href":"https:\/\/areabadalona.com\/diario\/wp-json\/wp\/v2\/media\/7009"}],"wp:attachment":[{"href":"https:\/\/areabadalona.com\/diario\/wp-json\/wp\/v2\/media?parent=7008"}],"wp:term":[{"taxonomy":"category","embeddable":true,"href":"https:\/\/areabadalona.com\/diario\/wp-json\/wp\/v2\/categories?post=7008"},{"taxonomy":"post_tag","embeddable":true,"href":"https:\/\/areabadalona.com\/diario\/wp-json\/wp\/v2\/tags?post=7008"}],"curies":[{"name":"wp","href":"https:\/\/api.w.org\/{rel}","templated":true}]}}