{"id":7005,"date":"2024-05-22T11:29:47","date_gmt":"2024-05-22T11:29:47","guid":{"rendered":"https:\/\/areabadalona.com\/diario\/?p=7005"},"modified":"2024-05-22T11:29:48","modified_gmt":"2024-05-22T11:29:48","slug":"filmets-badalona-film-festival-ha-presentat-la-seva-50a-edicio-al-marche-du-film-del-festival-de-canes","status":"publish","type":"post","link":"https:\/\/areabadalona.com\/diario\/2024\/05\/22\/filmets-badalona-film-festival-ha-presentat-la-seva-50a-edicio-al-marche-du-film-del-festival-de-canes\/","title":{"rendered":"FILMETS Badalona Film Festival ha presentat la seva 50a edici\u00f3 al March\u00e9 du Film del Festival de Canes"},"content":{"rendered":"\n<p>FILMETS Badalona Film Festival ha presentat la seva propera edici\u00f3, la que far\u00e0 el n\u00famero 50, al Festival Internacional de Cinema de Canes, el festival m\u00e9s prestigi\u00f3s del m\u00f3n i que s&#8217;est\u00e0 celebrant en aquesta ciutat francesa fins al 25 de maig. FILMETS ha estat representat en aquest festival pel seu director art\u00edstic, <strong>Agust\u00ed Argelich.<\/strong> La 50a edici\u00f3 de FILMETS es far\u00e0 del 18 al 27 d&#8217;octubre amb projeccions a Badalona, Barcelona i Sant Boi de Llobregat.<\/p>\n\n\n\n<p>Al Festival Internacional de Cinema de Canes, FILMETS ha estat present en dues activitats professionals al <strong>March\u00e9 du Film<\/strong>, el mercat m\u00e9s representatiu de la ind\u00fastria del cinema.<\/p>\n\n\n\n<p><strong>FILMETS, present al Short Film Corner<\/strong><\/p>\n\n\n\n<p>Dilluns, 20 de maig, Agust\u00ed Argelich va participar en les trobades internacionals del curtmetratge al tradicional <strong>Short Film Corner<\/strong>, juntament amb representants d&#8217;altres festivals de curtmetratges i del sector professional del curt. Al costat del director art\u00edstic de FILMETS hi havia distribu\u00efdors, productors i directors de diversos festivals de curtmetratges d&#8217;arreu del m\u00f3n. Cal destacar la pres\u00e8ncia de representants dels seg\u00fcents festivals: Clermont-Ferrand, Berlinale, Winterthur, Dok Leipzig, Montr\u00e9al i Guanajuato.<\/p>\n\n\n\n<p><strong>Jurat del prestigi\u00f3s Focus Script<\/strong><\/p>\n\n\n\n<p>Dimarts, 21 de maig, el director art\u00edstic de FILMETS ha participat com avaluador dels projectes finalistes de la prestigiosa secci\u00f3 <strong>Focus Script<\/strong>, amb nous talents del curtmetratge internacional. Aquest apartat del festival de Canes, el Focus Script crea nous vincles amb les escoles de cinema i arts visuals, aix\u00ed com amb els professionals del curtmetratge que assisteixen al Festival de Canes.<\/p>\n\n\n\n<p>Tant al Short Film Corner com al Focus Script s&#8217;ha presentat la 50a edici\u00f3 de FILMETS Badalona Film Festival.<\/p>\n\n\n\n<p><strong>\u00abPer FILMETS \u00e9s un privilegi ser a Canes\u00bb<\/strong><\/p>\n\n\n\n<p>Des de Canes, el director art\u00edstic de FILMETS, <strong>Agust\u00ed Argelich<\/strong>, ha declarat que \u00ab\u00e9s un privilegi per a FILMETS ser a Canes, el festival de cinema m\u00e9s important del m\u00f3n, i poder presentar la 50a edici\u00f3 davant d&#8217;aquesta ind\u00fastria representada al Festival Internacional de Cinema de Canes. He pogut comprovar com, en l&#8217;\u00e0mbit del curtmetratge, hi ha un gran inter\u00e8s per participar per part de distribu\u00efdors, productors i directors\u00bb.<\/p>\n","protected":false},"excerpt":{"rendered":"<p>FILMETS Badalona Film Festival ha presentat la seva propera edici\u00f3, la que far\u00e0 el n\u00famero 50, al Festival Internacional de Cinema de Canes, el festival m\u00e9s prestigi\u00f3s del m\u00f3n i que s&#8217;est\u00e0 celebrant en aquesta ciutat francesa fins al 25 de maig. FILMETS ha estat representat en aquest festival pel seu director art\u00edstic, Agust\u00ed Argelich. [&hellip;]<\/p>\n","protected":false},"author":2,"featured_media":7006,"comment_status":"open","ping_status":"open","sticky":false,"template":"","format":"standard","meta":{"footnotes":""},"categories":[25],"tags":[],"class_list":{"0":"post-7005","1":"post","2":"type-post","3":"status-publish","4":"format-standard","5":"has-post-thumbnail","7":"category-cultura"},"_links":{"self":[{"href":"https:\/\/areabadalona.com\/diario\/wp-json\/wp\/v2\/posts\/7005","targetHints":{"allow":["GET"]}}],"collection":[{"href":"https:\/\/areabadalona.com\/diario\/wp-json\/wp\/v2\/posts"}],"about":[{"href":"https:\/\/areabadalona.com\/diario\/wp-json\/wp\/v2\/types\/post"}],"author":[{"embeddable":true,"href":"https:\/\/areabadalona.com\/diario\/wp-json\/wp\/v2\/users\/2"}],"replies":[{"embeddable":true,"href":"https:\/\/areabadalona.com\/diario\/wp-json\/wp\/v2\/comments?post=7005"}],"version-history":[{"count":1,"href":"https:\/\/areabadalona.com\/diario\/wp-json\/wp\/v2\/posts\/7005\/revisions"}],"predecessor-version":[{"id":7007,"href":"https:\/\/areabadalona.com\/diario\/wp-json\/wp\/v2\/posts\/7005\/revisions\/7007"}],"wp:featuredmedia":[{"embeddable":true,"href":"https:\/\/areabadalona.com\/diario\/wp-json\/wp\/v2\/media\/7006"}],"wp:attachment":[{"href":"https:\/\/areabadalona.com\/diario\/wp-json\/wp\/v2\/media?parent=7005"}],"wp:term":[{"taxonomy":"category","embeddable":true,"href":"https:\/\/areabadalona.com\/diario\/wp-json\/wp\/v2\/categories?post=7005"},{"taxonomy":"post_tag","embeddable":true,"href":"https:\/\/areabadalona.com\/diario\/wp-json\/wp\/v2\/tags?post=7005"}],"curies":[{"name":"wp","href":"https:\/\/api.w.org\/{rel}","templated":true}]}}