{"id":7002,"date":"2024-05-22T11:27:51","date_gmt":"2024-05-22T11:27:51","guid":{"rendered":"https:\/\/areabadalona.com\/diario\/?p=7002"},"modified":"2024-05-22T11:27:52","modified_gmt":"2024-05-22T11:27:52","slug":"lenderrocament-de-lantiga-fabrica-mobba-comencara-aquest-mes-de-juliol-per-donar-pas-a-la-placa-verda-que-reclamen-els-veins-des-de-fa-anys","status":"publish","type":"post","link":"https:\/\/areabadalona.com\/diario\/2024\/05\/22\/lenderrocament-de-lantiga-fabrica-mobba-comencara-aquest-mes-de-juliol-per-donar-pas-a-la-placa-verda-que-reclamen-els-veins-des-de-fa-anys\/","title":{"rendered":"L\u2019enderrocament de l\u2019antiga f\u00e0brica Mobba comen\u00e7ar\u00e0 aquest mes de juliol per donar pas a la pla\u00e7a verda que reclamen els ve\u00efns des de fa anys"},"content":{"rendered":"\n<p>L\u2019alcalde de Badalona, Xavier Garcia Albiol, ha anunciat que a principis del pr\u00f2xim mes de juliol s\u2019iniciar\u00e0 l\u2019enderrocament de l\u2019antiga f\u00e0brica Mobba, que fa anys que reclamen els ve\u00efns. L\u2019enderrocament d\u2019aquesta antiga f\u00e0brica, ubicada al carrer de Sant Isidre, al barri del Centre, permetr\u00e0 deixar enrere les mol\u00e8sties provocades per la degradaci\u00f3 de l\u2019immoble, aix\u00ed com la creaci\u00f3 d\u2019una nova pla\u00e7a verda que permetr\u00e0 esponjar la zona. L\u2019anunci de l\u2019inici de les obres d\u2019enderrocament el va fer ahir al vespre l\u2019alcalde en una reuni\u00f3 amb el ve\u00efnat i en la qual tamb\u00e9 hi van ser presents els tinents d\u2019alcaldia Daniel Gracia i Rosa del Amo, aix\u00ed com la regidora del districte 1, Rosa Bertran.<\/p>\n\n\n\n<p>Xavier Garcia Albiol va explicar que est\u00e0 previst que les obres per tirar a terra la Mobba tinguin una durada de cinc mesos i que abans que finalitzi aquest any es presentar\u00e0 l\u2019avantprojecte de la nova pla\u00e7a, aix\u00ed com de la urbanitzaci\u00f3 de l\u2019entorn. L\u2019alcalde va mostrar la seva satisfacci\u00f3 despr\u00e9s que la just\u00edcia hagi donat la ra\u00f3 a l\u2019Ajuntament de manera definitiva, amb una sent\u00e8ncia ferma, per poder enderrocar la Mobba, fet que permet deixar enrere les traves que s\u2019havien posat des d\u2019algunes formacions pol\u00edtiques. \u201cFa tres anys em vaig comprometre que els interlocutors per decidir com ha de ser la pla\u00e7a serien els ve\u00efns de la zona, i aix\u00ed ser\u00e0, farem una pla\u00e7a que satisfar\u00e0 els qui viuen a la zona i al conjunt de ve\u00efns de Badalona\u201d, ha manifestat Xavier Garcia Albiol.<\/p>\n\n\n\n<p>L\u2019alcalde ha assenyalat que \u201cl\u2019enderrocament de la Mobba, i la urbanitzaci\u00f3 dels carrers del seu entorn permetr\u00e0 a Badalona deixar enrere un passat de degradaci\u00f3 i de mol\u00e8sties i disposar d\u2019un nou espai que millorar\u00e0 la qualitat de vida dels ve\u00efns de la zona i donar\u00e0 un impuls a la renovaci\u00f3 de la imatge de la fa\u00e7ana de la ciutat\u201d.<\/p>\n\n\n\n<p><strong>5 mesos d\u2019obres<\/strong><\/p>\n\n\n\n<p>L\u2019enderrocament ser\u00e0 total i afectar\u00e0 les dues edificacions existents de l\u2019antiga f\u00e0brica Mobba. Un dels immobles est\u00e0 situat en la cantonada dels carrers de Colom i de Sant Isidre, i el segon dels edificis, m\u00e9s alt, en el carrer Dos de Maig, amb fa\u00e7ana als carrers de Sant Isidre i d\u2019Eduard Maristany. Tots dos es troben en un greu estat de deteriorament. Les obres tenen prevista una durada de cinc mesos i eliminaran un sostre constru\u00eft de 6.011 m2. T\u00e8cnicament, una de les primeres accions a abordar ser\u00e0 la retirada de les cobertes de les edificacions on hi ha plaques de fibrociment amb amiant que s&#8217;hauran d&#8217;eliminar seguint els protocols establerts<\/p>\n\n\n\n<p><strong>Un llarg litigi<\/strong><\/p>\n\n\n\n<p>L\u2019entrada de les m\u00e0quines ser\u00e0 possible despr\u00e9s que el Butllet\u00ed Oficial de la Prov\u00edncia de Barcelona (BOPB) publiqu\u00e9s el passat 9 de maig el \u201cProjecte d&#8217;enderroc de les edificacions municipals situades entre els carrers Colom, Sant Isidre, Dos de Maig i Eduard Maristany, antiga f\u00e0brica MOBBA\u201d, \u00faltim requisit preceptiu per portar a terme les obres. Abans, el passat 27 de febrer, el Tribunal Superior de Just\u00edcia de Catalunya (TSJC) ja havia rebutjat l\u2019\u00faltim dels recursos que s\u2019havien interposat per evitar l\u2019enderrocament de l\u2019edifici. Sent\u00e8ncia que el passat 17 d\u2019abril va esdevenir ferma.<\/p>\n\n\n\n<p><strong>Propietat municipal des del 2014<\/strong><\/p>\n\n\n\n<p>L\u2019Ajuntament de Badalona va expropiar l\u2019any 2014 el que havia estat l\u2019antiga f\u00e0brica Mobba, dedicada a la fabricaci\u00f3 de b\u00e0scules i balances. Llavors ja es va catalogar aquest espai com a zona verda, amb l\u2019objectiu de demolir la f\u00e0brica i construir-hi un parc.<\/p>\n","protected":false},"excerpt":{"rendered":"<p>L\u2019alcalde de Badalona, Xavier Garcia Albiol, ha anunciat que a principis del pr\u00f2xim mes de juliol s\u2019iniciar\u00e0 l\u2019enderrocament de l\u2019antiga f\u00e0brica Mobba, que fa anys que reclamen els ve\u00efns. L\u2019enderrocament d\u2019aquesta antiga f\u00e0brica, ubicada al carrer de Sant Isidre, al barri del Centre, permetr\u00e0 deixar enrere les mol\u00e8sties provocades per la degradaci\u00f3 de l\u2019immoble, aix\u00ed [&hellip;]<\/p>\n","protected":false},"author":2,"featured_media":7003,"comment_status":"open","ping_status":"open","sticky":false,"template":"","format":"standard","meta":{"footnotes":""},"categories":[23],"tags":[],"class_list":{"0":"post-7002","1":"post","2":"type-post","3":"status-publish","4":"format-standard","5":"has-post-thumbnail","7":"category-actualitat"},"_links":{"self":[{"href":"https:\/\/areabadalona.com\/diario\/wp-json\/wp\/v2\/posts\/7002","targetHints":{"allow":["GET"]}}],"collection":[{"href":"https:\/\/areabadalona.com\/diario\/wp-json\/wp\/v2\/posts"}],"about":[{"href":"https:\/\/areabadalona.com\/diario\/wp-json\/wp\/v2\/types\/post"}],"author":[{"embeddable":true,"href":"https:\/\/areabadalona.com\/diario\/wp-json\/wp\/v2\/users\/2"}],"replies":[{"embeddable":true,"href":"https:\/\/areabadalona.com\/diario\/wp-json\/wp\/v2\/comments?post=7002"}],"version-history":[{"count":1,"href":"https:\/\/areabadalona.com\/diario\/wp-json\/wp\/v2\/posts\/7002\/revisions"}],"predecessor-version":[{"id":7004,"href":"https:\/\/areabadalona.com\/diario\/wp-json\/wp\/v2\/posts\/7002\/revisions\/7004"}],"wp:featuredmedia":[{"embeddable":true,"href":"https:\/\/areabadalona.com\/diario\/wp-json\/wp\/v2\/media\/7003"}],"wp:attachment":[{"href":"https:\/\/areabadalona.com\/diario\/wp-json\/wp\/v2\/media?parent=7002"}],"wp:term":[{"taxonomy":"category","embeddable":true,"href":"https:\/\/areabadalona.com\/diario\/wp-json\/wp\/v2\/categories?post=7002"},{"taxonomy":"post_tag","embeddable":true,"href":"https:\/\/areabadalona.com\/diario\/wp-json\/wp\/v2\/tags?post=7002"}],"curies":[{"name":"wp","href":"https:\/\/api.w.org\/{rel}","templated":true}]}}