{"id":6999,"date":"2024-05-17T10:56:43","date_gmt":"2024-05-17T10:56:43","guid":{"rendered":"https:\/\/areabadalona.com\/diario\/?p=6999"},"modified":"2024-05-17T10:56:44","modified_gmt":"2024-05-17T10:56:44","slug":"coneguem-els-insectes-del-parc-torrent-de-la-font-i-del-turo-de-lenric-es-la-nova-activitat-de-la-jugatecambiental-per-aquest-diumenge-19-de-maig","status":"publish","type":"post","link":"https:\/\/areabadalona.com\/diario\/2024\/05\/17\/coneguem-els-insectes-del-parc-torrent-de-la-font-i-del-turo-de-lenric-es-la-nova-activitat-de-la-jugatecambiental-per-aquest-diumenge-19-de-maig\/","title":{"rendered":"\u201cConeguem els insectes del parc Torrent de la Font i del Tur\u00f3 de l\u2019Enric\u201d \u00e9s la nova activitat de la \u2018Jugatecambiental\u2019 per aquest diumenge 19 de maig"},"content":{"rendered":"\n<p>El <strong>parc del Torrent de la Font i del Tur\u00f3 de l\u2019Enric<\/strong>&nbsp;acollir\u00e0 aquest <strong>diumenge 19 de maig, entre les 11.30 a les 13.00 hores<\/strong>, l\u2019activitat \u201cConeguem els insectes del parc del Torrent de la Font i del Tur\u00f3 de l\u2019Enric\u201d i altres activitats visuals i pl\u00e0stiques relacionades amb la natura i el parc.<\/p>\n\n\n\n<p>Els insectes s\u00f3n els \u00e9ssers vius que m\u00e9s contribueixen a la biodiversitat del planeta i, aprofitant que estem en plena primavera, tindr\u00e0 lloc una passejada pel parc per tal de descobrir els insectes que hi viuen i con\u00e8ixer quin paper tenen dins l\u2019ecosistema. Es podr\u00e0 veure com s\u2019adapten al medi, quines estrat\u00e8gies de superviv\u00e8ncia tenen i en quins grups es poden classificar.<\/p>\n\n\n\n<p>El punt de trobada per a aquesta activitat \u00e9s el m\u00f2dul de la \u2018Jugatecambiental\u2019 (situat a la zona de la b\u00f2bila del Torrent de la Font).<\/p>\n\n\n\n<p>A m\u00e9s, durant aquest diumenge al mat\u00ed, de les 11.30 a les 13.30 hores, a la \u2018Jugatecambiental\u2019 hi trobareu l\u2019espai de joc, on hi haur\u00e0 diverses activitats visuals i pl\u00e0stiques relacionades amb la natura i el parc. Totes les activitats s\u00f3n gratu\u00eftes i no cal inscripci\u00f3 pr\u00e8via.<\/p>\n\n\n\n<p>Per a m\u00e9s informaci\u00f3, podeu trucar a l\u2019\u00c0rea de Medi Ambient de l\u2019Ajuntament de Badalona, al tel\u00e8fon 93 483 29 89 o b\u00e9 envieu un correu electr\u00f2nic a <a href=\"mailto:mediambient@badalona.cat\">mediambient@badalona.cat<\/a>.<\/p>\n\n\n\n<p>El projecte de la \u2018Jugatecambiental\u2019 del parc del Torrent de la Font i del Tur\u00f3 de l\u2019Enric i del parc de Can Solei i de Ca l\u2019Arn\u00fas \u00e9s fruit de la col\u00b7laboraci\u00f3 entre l\u2019Ajuntament de Badalona i l\u2019\u00c0rea Metropolitana de Barcelona.<\/p>\n","protected":false},"excerpt":{"rendered":"<p>El parc del Torrent de la Font i del Tur\u00f3 de l\u2019Enric&nbsp;acollir\u00e0 aquest diumenge 19 de maig, entre les 11.30 a les 13.00 hores, l\u2019activitat \u201cConeguem els insectes del parc del Torrent de la Font i del Tur\u00f3 de l\u2019Enric\u201d i altres activitats visuals i pl\u00e0stiques relacionades amb la natura i el parc. Els insectes [&hellip;]<\/p>\n","protected":false},"author":2,"featured_media":7000,"comment_status":"open","ping_status":"open","sticky":false,"template":"","format":"standard","meta":{"footnotes":""},"categories":[23],"tags":[],"class_list":{"0":"post-6999","1":"post","2":"type-post","3":"status-publish","4":"format-standard","5":"has-post-thumbnail","7":"category-actualitat"},"_links":{"self":[{"href":"https:\/\/areabadalona.com\/diario\/wp-json\/wp\/v2\/posts\/6999","targetHints":{"allow":["GET"]}}],"collection":[{"href":"https:\/\/areabadalona.com\/diario\/wp-json\/wp\/v2\/posts"}],"about":[{"href":"https:\/\/areabadalona.com\/diario\/wp-json\/wp\/v2\/types\/post"}],"author":[{"embeddable":true,"href":"https:\/\/areabadalona.com\/diario\/wp-json\/wp\/v2\/users\/2"}],"replies":[{"embeddable":true,"href":"https:\/\/areabadalona.com\/diario\/wp-json\/wp\/v2\/comments?post=6999"}],"version-history":[{"count":1,"href":"https:\/\/areabadalona.com\/diario\/wp-json\/wp\/v2\/posts\/6999\/revisions"}],"predecessor-version":[{"id":7001,"href":"https:\/\/areabadalona.com\/diario\/wp-json\/wp\/v2\/posts\/6999\/revisions\/7001"}],"wp:featuredmedia":[{"embeddable":true,"href":"https:\/\/areabadalona.com\/diario\/wp-json\/wp\/v2\/media\/7000"}],"wp:attachment":[{"href":"https:\/\/areabadalona.com\/diario\/wp-json\/wp\/v2\/media?parent=6999"}],"wp:term":[{"taxonomy":"category","embeddable":true,"href":"https:\/\/areabadalona.com\/diario\/wp-json\/wp\/v2\/categories?post=6999"},{"taxonomy":"post_tag","embeddable":true,"href":"https:\/\/areabadalona.com\/diario\/wp-json\/wp\/v2\/tags?post=6999"}],"curies":[{"name":"wp","href":"https:\/\/api.w.org\/{rel}","templated":true}]}}