{"id":6996,"date":"2024-05-16T11:38:29","date_gmt":"2024-05-16T11:38:29","guid":{"rendered":"https:\/\/areabadalona.com\/diario\/?p=6996"},"modified":"2024-05-16T11:38:29","modified_gmt":"2024-05-16T11:38:29","slug":"lajuntament-de-badalona-demana-a-la-generalitat-una-linia-extraordinaria-dajuts-directes-perque-els-veins-de-canigo-puguin-afrontar-les-obres-de-reforc","status":"publish","type":"post","link":"https:\/\/areabadalona.com\/diario\/2024\/05\/16\/lajuntament-de-badalona-demana-a-la-generalitat-una-linia-extraordinaria-dajuts-directes-perque-els-veins-de-canigo-puguin-afrontar-les-obres-de-reforc\/","title":{"rendered":"L\u2019Ajuntament de Badalona demana a la Generalitat una l\u00ednia extraordin\u00e0ria d\u2019ajuts directes perqu\u00e8 els ve\u00efns de Canig\u00f3 puguin afrontar les obres de refor\u00e7"},"content":{"rendered":"\n<p>L\u2019Ajuntament de Badalona ha demanat al departament de Territori de la Generalitat que, a trav\u00e9s de l\u2019Ag\u00e8ncia de l\u2019Habitatge de Catalunya, que \u00e9s competent en la mat\u00e8ria, s\u2019obri \u201cuna l\u00ednia d\u2019ajuts directes\u201d perqu\u00e8 les fam\u00edlies afectades per l\u2019esfondrament del carrer Canig\u00f3 puguin afrontar l\u2019execuci\u00f3 de les obres de refor\u00e7 estructural i rehabilitaci\u00f3 que necessiten els 21 edificis.<\/p>\n\n\n\n<p>El tercer tinent d\u2019alcalde de l\u2019Ajuntament, Daniel Gracia, ha adre\u00e7at una carta a la consellera de Territori en la qual, a m\u00e9s de demanar aquests ajuts per als ve\u00efns, proposa que es modifiqui l\u2019objecte del conveni que havia plantejat la Generalitat, i que el nou objecte sigui \u201cla col\u00b7laboraci\u00f3 entre l\u2019Ajuntament de Badalona i el Departament de Territori de la Generalitat de Catalunya i l\u2019Ag\u00e8ncia de l\u2019Habitatge de Catalunya per a la gesti\u00f3 d\u2019aquesta l\u00ednia extraordin\u00e0ria d\u2019ajuts directes a les fam\u00edlies afectades per l\u2019esfondrament del Carrer Canig\u00f3, 9 per a l\u2019execuci\u00f3 de les obres de refor\u00e7 estructural i rehabilitaci\u00f3 dels 21 edificis afectats\u201d.<\/p>\n\n\n\n<p>En aquesta carta, Daniel Gracia recorda que l\u2019Ajuntament ja \u201cha inspeccionat cadascuna de les 434 entitats afectades, executant tasques d\u2019apuntalament per poder assegurar provisionalment l\u2019habitabilitat dels habitatges\u201d i que, amb aquestes inspeccions ja realitzades \u201cs\u2019han incoat expedients des del servei de Disciplina de l\u2019Ajuntament amb les ordres d\u2019execuci\u00f3 de les obres de refor\u00e7 estructural i rehabilitaci\u00f3 per a cadascuna de les comunitats de propietaris afectades\u201d.<\/p>\n\n\n\n<p>El tinent d\u2019alcaldia i regidor d\u2019Urbanisme de Badalona repassa, en la seva carta, el desenvolupament dels fets des que es va produir l\u2019esfondrament que va provocar tres v\u00edctimes mortals, el dia 6 de febrer, al n\u00famero 9 del carrer Canig\u00f3 i assenyala que tots els edificis afectats van ser executats per la mateixa promotora i en el per\u00edode que va des del 1954 i fins al 1960, fet que feia pressuposar que l\u2019execuci\u00f3 d\u2019obra de tots ells es va fer mitjan\u00e7ant el mateix sistema constructiu i emprant els mateixos materials constructius que l\u2019edifici sinistrat. Aquest fet, indica Gracia, \u201cfeia preveure que segurament en altres edificacions d\u2019aquest \u00e0mbit, tamb\u00e9 existirien problemes estructurals i hi hauria la necessitat d&#8217;inspeccionar-los al m\u00e9s aviat possible, per tal garantir la seguretat de les persones residents en aquests 21 immobles\u201d.<\/p>\n\n\n\n<p>Per aquesta necessitat d\u2019actuar r\u00e0pidament, el Servei de Disciplina Urban\u00edstica, juntament amb la col\u00b7laboraci\u00f3 del despatx professional d\u2019arquitectura estructurista SEGU\u00cd ARQUITECTURA, van iniciar els treballs d\u2019inspecci\u00f3 i apuntalament provisional dels edificis. La carta assenyala que \u201chi ha encara tres edificis desallotjats (Canig\u00f3 n\u00fam. 7 i 9 i Ausi\u00e0s March n\u00fam. 118)\u201d i que&nbsp; \u201cper poder tornar a ocupar aquests edificis cal pr\u00e8viament que s\u2019executin obres de refor\u00e7 estructural i de rehabilitaci\u00f3\u201d.<\/p>\n\n\n\n<p>La missiva recorda tamb\u00e9 que s\u2019ha estat treballant amb el Departament de Territori de la Generalitat la signatura d\u2019un conveni de col\u00b7laboraci\u00f3 \u201cel qual tenia per objecte la col\u00b7laboraci\u00f3 entre el Departament de Territori de la Generalitat de Catalunya, l\u2019Ag\u00e8ncia de l\u2019Habitatge de Catalunya, el Col\u00b7legi d\u2019Arquitectes de Catalunya, el Col\u00b7legi de l\u2019Arquitectura T\u00e8cnica de Barcelona i l\u2019Associaci\u00f3 de Consultors d\u2019Estructures i l\u2019Ajuntament de Badalona, per tal d\u2019efectuar un diagn\u00f2stic \u00fanic i consensuat entre els experts, de les possibles patologies estructurals, que permetin assolir unes prescripcions de rehabilitaci\u00f3 clares, dels edificis ubicats a l\u2019illa de l\u2019edifici sinistrat al carrer Canig\u00f3 n\u00fam. 9 del Raval de Badalona\u201d. Assenyala, per\u00f2, a continuaci\u00f3, que \u201cels treballs d\u2019inspecci\u00f3 de tots els edificis ja han estat realitzats i el que cal, a partir d\u2019aquest moment, \u00e9s procedir a l\u2019execuci\u00f3 de les obres de refor\u00e7 estructural i de rehabilitaci\u00f3 de tots els edificis\u201d.<\/p>\n","protected":false},"excerpt":{"rendered":"<p>L\u2019Ajuntament de Badalona ha demanat al departament de Territori de la Generalitat que, a trav\u00e9s de l\u2019Ag\u00e8ncia de l\u2019Habitatge de Catalunya, que \u00e9s competent en la mat\u00e8ria, s\u2019obri \u201cuna l\u00ednia d\u2019ajuts directes\u201d perqu\u00e8 les fam\u00edlies afectades per l\u2019esfondrament del carrer Canig\u00f3 puguin afrontar l\u2019execuci\u00f3 de les obres de refor\u00e7 estructural i rehabilitaci\u00f3 que necessiten els [&hellip;]<\/p>\n","protected":false},"author":2,"featured_media":6434,"comment_status":"open","ping_status":"open","sticky":false,"template":"","format":"standard","meta":{"footnotes":""},"categories":[23],"tags":[],"class_list":{"0":"post-6996","1":"post","2":"type-post","3":"status-publish","4":"format-standard","5":"has-post-thumbnail","7":"category-actualitat"},"_links":{"self":[{"href":"https:\/\/areabadalona.com\/diario\/wp-json\/wp\/v2\/posts\/6996","targetHints":{"allow":["GET"]}}],"collection":[{"href":"https:\/\/areabadalona.com\/diario\/wp-json\/wp\/v2\/posts"}],"about":[{"href":"https:\/\/areabadalona.com\/diario\/wp-json\/wp\/v2\/types\/post"}],"author":[{"embeddable":true,"href":"https:\/\/areabadalona.com\/diario\/wp-json\/wp\/v2\/users\/2"}],"replies":[{"embeddable":true,"href":"https:\/\/areabadalona.com\/diario\/wp-json\/wp\/v2\/comments?post=6996"}],"version-history":[{"count":1,"href":"https:\/\/areabadalona.com\/diario\/wp-json\/wp\/v2\/posts\/6996\/revisions"}],"predecessor-version":[{"id":6997,"href":"https:\/\/areabadalona.com\/diario\/wp-json\/wp\/v2\/posts\/6996\/revisions\/6997"}],"wp:featuredmedia":[{"embeddable":true,"href":"https:\/\/areabadalona.com\/diario\/wp-json\/wp\/v2\/media\/6434"}],"wp:attachment":[{"href":"https:\/\/areabadalona.com\/diario\/wp-json\/wp\/v2\/media?parent=6996"}],"wp:term":[{"taxonomy":"category","embeddable":true,"href":"https:\/\/areabadalona.com\/diario\/wp-json\/wp\/v2\/categories?post=6996"},{"taxonomy":"post_tag","embeddable":true,"href":"https:\/\/areabadalona.com\/diario\/wp-json\/wp\/v2\/tags?post=6996"}],"curies":[{"name":"wp","href":"https:\/\/api.w.org\/{rel}","templated":true}]}}