{"id":6993,"date":"2024-05-16T11:37:24","date_gmt":"2024-05-16T11:37:24","guid":{"rendered":"https:\/\/areabadalona.com\/diario\/?p=6993"},"modified":"2024-05-16T11:37:25","modified_gmt":"2024-05-16T11:37:25","slug":"fins-al-15-de-setembre-queda-limitat-lhorari-de-pesca-a-les-platges-de-badalona","status":"publish","type":"post","link":"https:\/\/areabadalona.com\/diario\/2024\/05\/16\/fins-al-15-de-setembre-queda-limitat-lhorari-de-pesca-a-les-platges-de-badalona\/","title":{"rendered":"Fins al 15 de setembre queda limitat l\u2019horari de pesca a les platges de Badalona"},"content":{"rendered":"\n<p>Fins diumenge 15 de setembre estar\u00e0 prohibida la pesca mar\u00edtima recreativa de superf\u00edcie des de terra a tot el litoral badalon\u00ed entre les 8 i les 20 hores, d\u2019acord amb la regulaci\u00f3 establerta al Pla d&#8217;Usos de temporada 2024 a les platges de Badalona i la Direcci\u00f3 General de Pol\u00edtiques de Muntanya i del Litoral de la Generalitat:<\/p>\n\n\n\n<p>Aquesta activitat recreativa est\u00e0 regulada pel Decret 109\/1995 que estableix que en el Pla d\u2019usos de temporada de cada any a les platges catalanes s\u2019ha de regular el seu horari. D\u2019altra banda, i tal com queda recollit en el mateix Decret, la pesca mar\u00edtima recreativa submarina s\u2019ha de practicar fora de la zona de bany.<\/p>\n\n\n\n<p>Des de l\u2019Ajuntament de Badalona es demana la col\u00b7laboraci\u00f3 dels pescadors perqu\u00e8 facilitin les tasques de neteja a les platges per mitjans mec\u00e0nics, at\u00e8s que poden coincidir amb l\u2019horari en el qual est\u00e0 permesa la pesca des de la sorra.<\/p>\n","protected":false},"excerpt":{"rendered":"<p>Fins diumenge 15 de setembre estar\u00e0 prohibida la pesca mar\u00edtima recreativa de superf\u00edcie des de terra a tot el litoral badalon\u00ed entre les 8 i les 20 hores, d\u2019acord amb la regulaci\u00f3 establerta al Pla d&#8217;Usos de temporada 2024 a les platges de Badalona i la Direcci\u00f3 General de Pol\u00edtiques de Muntanya i del Litoral [&hellip;]<\/p>\n","protected":false},"author":2,"featured_media":6994,"comment_status":"open","ping_status":"open","sticky":false,"template":"","format":"standard","meta":{"footnotes":""},"categories":[23],"tags":[],"class_list":{"0":"post-6993","1":"post","2":"type-post","3":"status-publish","4":"format-standard","5":"has-post-thumbnail","7":"category-actualitat"},"_links":{"self":[{"href":"https:\/\/areabadalona.com\/diario\/wp-json\/wp\/v2\/posts\/6993","targetHints":{"allow":["GET"]}}],"collection":[{"href":"https:\/\/areabadalona.com\/diario\/wp-json\/wp\/v2\/posts"}],"about":[{"href":"https:\/\/areabadalona.com\/diario\/wp-json\/wp\/v2\/types\/post"}],"author":[{"embeddable":true,"href":"https:\/\/areabadalona.com\/diario\/wp-json\/wp\/v2\/users\/2"}],"replies":[{"embeddable":true,"href":"https:\/\/areabadalona.com\/diario\/wp-json\/wp\/v2\/comments?post=6993"}],"version-history":[{"count":1,"href":"https:\/\/areabadalona.com\/diario\/wp-json\/wp\/v2\/posts\/6993\/revisions"}],"predecessor-version":[{"id":6995,"href":"https:\/\/areabadalona.com\/diario\/wp-json\/wp\/v2\/posts\/6993\/revisions\/6995"}],"wp:featuredmedia":[{"embeddable":true,"href":"https:\/\/areabadalona.com\/diario\/wp-json\/wp\/v2\/media\/6994"}],"wp:attachment":[{"href":"https:\/\/areabadalona.com\/diario\/wp-json\/wp\/v2\/media?parent=6993"}],"wp:term":[{"taxonomy":"category","embeddable":true,"href":"https:\/\/areabadalona.com\/diario\/wp-json\/wp\/v2\/categories?post=6993"},{"taxonomy":"post_tag","embeddable":true,"href":"https:\/\/areabadalona.com\/diario\/wp-json\/wp\/v2\/tags?post=6993"}],"curies":[{"name":"wp","href":"https:\/\/api.w.org\/{rel}","templated":true}]}}