{"id":6991,"date":"2024-05-16T08:58:41","date_gmt":"2024-05-16T08:58:41","guid":{"rendered":"https:\/\/areabadalona.com\/diario\/?p=6991"},"modified":"2024-05-16T08:58:41","modified_gmt":"2024-05-16T08:58:41","slug":"tusgsal-reconoce-los-registros-de-competencia-pero-niega-irregularidades","status":"publish","type":"post","link":"https:\/\/areabadalona.com\/diario\/2024\/05\/16\/tusgsal-reconoce-los-registros-de-competencia-pero-niega-irregularidades\/","title":{"rendered":"Tusgsal reconoce los registros de Competencia pero niega irregularidades"},"content":{"rendered":"\n<p>La empresa de transportes Tusgsal ha publicado un comunicado en el que reconoce los registros llevados a cabo por la Autoridad Catalana de la Competencia (ACCO) entre el 7 y el 10 de mayo en relaci\u00f3n con presuntas pr\u00e1cticas anticompetitivas en el marco del concurso p\u00fablico convocado por el \u00c1rea Metropolitana de Barcelona (AMB) para la prestaci\u00f3n del servicio de transporte urbano de viajeros en la zona del Barcelon\u00e8s Nord, entre ellos el Nitbus. Eso s\u00ed, se defiende alegando que ha actuado \u00aben todo momento conforme a la m\u00e1s estricta legalidad, los principios de responsabilidad empresarial, \u00e9tica y transparencia, y en observancia de los protocolos que integran su Programa de Cumplimiento Normativo\u00bb.<\/p>\n\n\n\n<p>Tusgsal critica dichos registros ya que seg\u00fan su criterio la ACCO ten\u00eda otras herramientas \u00abm\u00e1s garantistas para manifestar su disconformidad con este proceso de licitaci\u00f3n desde hace meses\u00bb, y a\u00fan as\u00ed ha optado por las inspecciones por sorpresa en su sede. La empresa badalonense asegura que ha colaborado en todo momento con la ACCO y que las inspecciones no suponen, por ahora, la apertura de un expediente sancionador a Tusgsal. Eso s\u00ed, expresa su malestar y manifiesta que se reserva \u00abel derecho de emprender las acciones necesarias para restablecer su buen nombre y reparar los da\u00f1os causados a su reputaci\u00f3n\u00bb.<\/p>\n\n\n\n<p>Tusgsal logr\u00f3 conservar el contrato con la AMB para el servicio de transporte urbano, diario y nocturno, en la zona del Barcelon\u00e8s Nord al tener la mejor puntuaci\u00f3n en el concurso de adjudicaci\u00f3n. El contrato, con una duraci\u00f3n de siete a\u00f1os con la posibilidad de prorrogarse otros tres, supone un montante de 1.000 millones de euros. La ACCO ya emiti\u00f3 en su momento un informe en el que consideraba que la licitaci\u00f3n era \u00abinsuficientemente irrespetuosa con la competencia\u00bb.  <\/p>\n","protected":false},"excerpt":{"rendered":"<p>La empresa de transportes Tusgsal ha publicado un comunicado en el que reconoce los registros llevados a cabo por la Autoridad Catalana de la Competencia (ACCO) entre el 7 y el 10 de mayo en relaci\u00f3n con presuntas pr\u00e1cticas anticompetitivas en el marco del concurso p\u00fablico convocado por el \u00c1rea Metropolitana de Barcelona (AMB) para [&hellip;]<\/p>\n","protected":false},"author":2,"featured_media":1936,"comment_status":"open","ping_status":"open","sticky":false,"template":"","format":"standard","meta":{"footnotes":""},"categories":[23],"tags":[],"class_list":{"0":"post-6991","1":"post","2":"type-post","3":"status-publish","4":"format-standard","5":"has-post-thumbnail","7":"category-actualitat"},"_links":{"self":[{"href":"https:\/\/areabadalona.com\/diario\/wp-json\/wp\/v2\/posts\/6991","targetHints":{"allow":["GET"]}}],"collection":[{"href":"https:\/\/areabadalona.com\/diario\/wp-json\/wp\/v2\/posts"}],"about":[{"href":"https:\/\/areabadalona.com\/diario\/wp-json\/wp\/v2\/types\/post"}],"author":[{"embeddable":true,"href":"https:\/\/areabadalona.com\/diario\/wp-json\/wp\/v2\/users\/2"}],"replies":[{"embeddable":true,"href":"https:\/\/areabadalona.com\/diario\/wp-json\/wp\/v2\/comments?post=6991"}],"version-history":[{"count":1,"href":"https:\/\/areabadalona.com\/diario\/wp-json\/wp\/v2\/posts\/6991\/revisions"}],"predecessor-version":[{"id":6992,"href":"https:\/\/areabadalona.com\/diario\/wp-json\/wp\/v2\/posts\/6991\/revisions\/6992"}],"wp:featuredmedia":[{"embeddable":true,"href":"https:\/\/areabadalona.com\/diario\/wp-json\/wp\/v2\/media\/1936"}],"wp:attachment":[{"href":"https:\/\/areabadalona.com\/diario\/wp-json\/wp\/v2\/media?parent=6991"}],"wp:term":[{"taxonomy":"category","embeddable":true,"href":"https:\/\/areabadalona.com\/diario\/wp-json\/wp\/v2\/categories?post=6991"},{"taxonomy":"post_tag","embeddable":true,"href":"https:\/\/areabadalona.com\/diario\/wp-json\/wp\/v2\/tags?post=6991"}],"curies":[{"name":"wp","href":"https:\/\/api.w.org\/{rel}","templated":true}]}}