{"id":6988,"date":"2024-05-16T08:46:17","date_gmt":"2024-05-16T08:46:17","guid":{"rendered":"https:\/\/areabadalona.com\/diario\/?p=6988"},"modified":"2024-05-16T08:46:18","modified_gmt":"2024-05-16T08:46:18","slug":"primera-trobada-destudiants-de-la-xarxa-descoles-de-badalona-per-a-la-sostenibilitat","status":"publish","type":"post","link":"https:\/\/areabadalona.com\/diario\/2024\/05\/16\/primera-trobada-destudiants-de-la-xarxa-descoles-de-badalona-per-a-la-sostenibilitat\/","title":{"rendered":"Primera Trobada d\u2019Estudiants de la Xarxa d\u2019Escoles de Badalona per a la Sostenibilitat"},"content":{"rendered":"\n<p>L\u2019Escola de Natura Angeleta Ferrer acollir\u00e0 al llarg del mat\u00ed del divendres 17 de maig la trobada que aplegar\u00e0 una representaci\u00f3 de l\u2019alumnat dels 21 centres educatius que formen part de la Xarxa d\u2019Escoles de Badalona per a la Sostenibilitat. Al voltant de 150 estudiants de prim\u00e0ria, educaci\u00f3 especial, secund\u00e0ria, batxillerat i adults participaran en activitats i din\u00e0miques sobre les diferents experi\u00e8ncies de sostenibilitat que duen a terme als seus respectius centres.<\/p>\n\n\n\n<p>Durant la trobada l\u2019alumnat de prim\u00e0ria i educaci\u00f3 especial podr\u00e0 fer un tastet d\u2019alguns dels tallers d\u2019educaci\u00f3 ambiental que es duen a terme a l\u2019Escola de Natura de manera habitual. Aix\u00ed mateix, els estudiants de secund\u00e0ria, batxillerat i adults participaran en un joc de pistes que els permetr\u00e0 descobrir els diferents espais de l\u2019Escola de Natura i alguns aspectes de la biodiversitat que all\u00e0 s\u2019hi amaga. Al llarg de la trobada, entre tots els alumnes, es crear\u00e0 un mural relacionat amb la natura i tot all\u00f2 que m\u00e9s valoren de l\u2019Escola de Natura de Badalona.<\/p>\n\n\n\n<p>La Xarxa d\u2019Escoles de Badalona per a la Sostenibilitat (XES-Badalona) es va crear l\u2019any 2011 per donar suport als centres educatius de Badalona que compten amb el distintiu d\u2019Escola Verda que atorga la Generalitat. Un dels objectius de la xarxa \u00e9s el de crear espais de treball com\u00fa i intercanviar experi\u00e8ncies entre els centres que en formen part. Fins ara, a Badalona, aquest intercanvi d\u2019experi\u00e8ncies s\u2019havia donat sobretot pel que fa al professorat. Enguany, per\u00f2, ser\u00e0 l\u2019alumnat el protagonista de l\u2019intercanvi d\u2019experi\u00e8ncies a trav\u00e9s de la seva participaci\u00f3 en aquesta primera Trobada d\u2019Estudiants de la XES-Badalona.<\/p>\n\n\n\n<p>La regidora de Medi Ambient, S\u00f2nia Egea, ha explicat que \u201cen els darrers anys la XES-Badalona ha crescut for\u00e7a i actualment el nivell de maduresa de la feina que es desenvolupa als centres educatius ha perm\u00e8s plantejar per primer cop fer una trobada d\u2019estudiants\u201d. La regidora ha recordat que \u201caquest tipus de trobades resulten molt enriquidores per a tota la comunitat educativa i suposen una injecci\u00f3 d\u2019entusiasme i inspiraci\u00f3 pels alumnes\u201d i ha reconegut&nbsp; la tasca dels docents: \u201cSense la col\u00b7laboraci\u00f3 i implicaci\u00f3 del professorat de tots els centres de la xarxa, aquesta jornada no hauria estat possible. El professorat ha format part de l\u2019equip impulsor des del principi i ha tingut una gran implicaci\u00f3 en tot el proc\u00e9s\u201d. D\u2019altra banda, Egea ha destacat tamb\u00e9 el paper de l\u2019Escola de Natura Angeleta Ferrer i ha expressat la necessitat de \u201ccontinuar donant suport a l\u2019escola perqu\u00e8 continu\u00ef desenvolupant la tasca d\u2019educaci\u00f3 ambiental com a centre de refer\u00e8ncia des de fa m\u00e9s de 30 anys a la ciutat\u201d.<\/p>\n","protected":false},"excerpt":{"rendered":"<p>L\u2019Escola de Natura Angeleta Ferrer acollir\u00e0 al llarg del mat\u00ed del divendres 17 de maig la trobada que aplegar\u00e0 una representaci\u00f3 de l\u2019alumnat dels 21 centres educatius que formen part de la Xarxa d\u2019Escoles de Badalona per a la Sostenibilitat. Al voltant de 150 estudiants de prim\u00e0ria, educaci\u00f3 especial, secund\u00e0ria, batxillerat i adults participaran en [&hellip;]<\/p>\n","protected":false},"author":2,"featured_media":6989,"comment_status":"open","ping_status":"open","sticky":false,"template":"","format":"standard","meta":{"footnotes":""},"categories":[23],"tags":[],"class_list":{"0":"post-6988","1":"post","2":"type-post","3":"status-publish","4":"format-standard","5":"has-post-thumbnail","7":"category-actualitat"},"_links":{"self":[{"href":"https:\/\/areabadalona.com\/diario\/wp-json\/wp\/v2\/posts\/6988","targetHints":{"allow":["GET"]}}],"collection":[{"href":"https:\/\/areabadalona.com\/diario\/wp-json\/wp\/v2\/posts"}],"about":[{"href":"https:\/\/areabadalona.com\/diario\/wp-json\/wp\/v2\/types\/post"}],"author":[{"embeddable":true,"href":"https:\/\/areabadalona.com\/diario\/wp-json\/wp\/v2\/users\/2"}],"replies":[{"embeddable":true,"href":"https:\/\/areabadalona.com\/diario\/wp-json\/wp\/v2\/comments?post=6988"}],"version-history":[{"count":1,"href":"https:\/\/areabadalona.com\/diario\/wp-json\/wp\/v2\/posts\/6988\/revisions"}],"predecessor-version":[{"id":6990,"href":"https:\/\/areabadalona.com\/diario\/wp-json\/wp\/v2\/posts\/6988\/revisions\/6990"}],"wp:featuredmedia":[{"embeddable":true,"href":"https:\/\/areabadalona.com\/diario\/wp-json\/wp\/v2\/media\/6989"}],"wp:attachment":[{"href":"https:\/\/areabadalona.com\/diario\/wp-json\/wp\/v2\/media?parent=6988"}],"wp:term":[{"taxonomy":"category","embeddable":true,"href":"https:\/\/areabadalona.com\/diario\/wp-json\/wp\/v2\/categories?post=6988"},{"taxonomy":"post_tag","embeddable":true,"href":"https:\/\/areabadalona.com\/diario\/wp-json\/wp\/v2\/tags?post=6988"}],"curies":[{"name":"wp","href":"https:\/\/api.w.org\/{rel}","templated":true}]}}