{"id":6986,"date":"2024-05-15T08:43:18","date_gmt":"2024-05-15T08:43:18","guid":{"rendered":"https:\/\/areabadalona.com\/diario\/?p=6986"},"modified":"2024-05-16T08:44:08","modified_gmt":"2024-05-16T08:44:08","slug":"carrera-denuncia-que-la-guardia-urbana-no-pot-tramitar-denuncies-perque-no-te-paper","status":"publish","type":"post","link":"https:\/\/areabadalona.com\/diario\/2024\/05\/15\/carrera-denuncia-que-la-guardia-urbana-no-pot-tramitar-denuncies-perque-no-te-paper\/","title":{"rendered":"Carrera denuncia que la Gu\u00e0rdia Urbana no pot tramitar den\u00fancies perqu\u00e8 no t\u00e9 paper"},"content":{"rendered":"\n<p>El president del grup municipal del PSC, Fernando Carrera, ha tingut coneixement avui, per part d&#8217;agents de la Gu\u00e0rdia Urbana que l&#8217;Oficina d&#8217;Atenci\u00f3 al Ciutad\u00e0, ubicada al Tur\u00f3 d&#8217;en Caritg, no pot tramitar den\u00fancies perqu\u00e8 no disposen de paper per fer-ho. De fet, si un ciutad\u00e0 s&#8217;adre\u00e7a a la Comissaria de la Gu\u00e0rdia Urbana de Badalona, aquest dimecres, per tramitar una den\u00fancia \u00e9s derivat a la Comissaria dels Mossos perqu\u00e8 s&#8217;han exhaurit els papers de den\u00fancies, i l&#8217;Ajuntament no ha tramitat una nova compra. Fernando Carrera ha carregat contra aquesta nova deixadesa del govern municipal, \u00abMentre un ciutad\u00e0 no pot tramitar una den\u00fancia a la Gu\u00e0rdia Urbana i els agents no poden fer b\u00e9 la seva feina, el regidor de seguretat s&#8217;est\u00e0 muntant un despatx amb parquet i aire condicionat a dins de la Comissaria\u00bb. Per Carrera, \u00abaquestes s\u00f3n les prioritats del govern del PP\u00bb.<\/p>\n","protected":false},"excerpt":{"rendered":"<p>El president del grup municipal del PSC, Fernando Carrera, ha tingut coneixement avui, per part d&#8217;agents de la Gu\u00e0rdia Urbana que l&#8217;Oficina d&#8217;Atenci\u00f3 al Ciutad\u00e0, ubicada al Tur\u00f3 d&#8217;en Caritg, no pot tramitar den\u00fancies perqu\u00e8 no disposen de paper per fer-ho. De fet, si un ciutad\u00e0 s&#8217;adre\u00e7a a la Comissaria de la Gu\u00e0rdia Urbana de [&hellip;]<\/p>\n","protected":false},"author":2,"featured_media":6731,"comment_status":"open","ping_status":"open","sticky":false,"template":"","format":"standard","meta":{"footnotes":""},"categories":[23],"tags":[],"class_list":{"0":"post-6986","1":"post","2":"type-post","3":"status-publish","4":"format-standard","5":"has-post-thumbnail","7":"category-actualitat"},"_links":{"self":[{"href":"https:\/\/areabadalona.com\/diario\/wp-json\/wp\/v2\/posts\/6986","targetHints":{"allow":["GET"]}}],"collection":[{"href":"https:\/\/areabadalona.com\/diario\/wp-json\/wp\/v2\/posts"}],"about":[{"href":"https:\/\/areabadalona.com\/diario\/wp-json\/wp\/v2\/types\/post"}],"author":[{"embeddable":true,"href":"https:\/\/areabadalona.com\/diario\/wp-json\/wp\/v2\/users\/2"}],"replies":[{"embeddable":true,"href":"https:\/\/areabadalona.com\/diario\/wp-json\/wp\/v2\/comments?post=6986"}],"version-history":[{"count":1,"href":"https:\/\/areabadalona.com\/diario\/wp-json\/wp\/v2\/posts\/6986\/revisions"}],"predecessor-version":[{"id":6987,"href":"https:\/\/areabadalona.com\/diario\/wp-json\/wp\/v2\/posts\/6986\/revisions\/6987"}],"wp:featuredmedia":[{"embeddable":true,"href":"https:\/\/areabadalona.com\/diario\/wp-json\/wp\/v2\/media\/6731"}],"wp:attachment":[{"href":"https:\/\/areabadalona.com\/diario\/wp-json\/wp\/v2\/media?parent=6986"}],"wp:term":[{"taxonomy":"category","embeddable":true,"href":"https:\/\/areabadalona.com\/diario\/wp-json\/wp\/v2\/categories?post=6986"},{"taxonomy":"post_tag","embeddable":true,"href":"https:\/\/areabadalona.com\/diario\/wp-json\/wp\/v2\/tags?post=6986"}],"curies":[{"name":"wp","href":"https:\/\/api.w.org\/{rel}","templated":true}]}}