{"id":6983,"date":"2024-05-15T11:33:20","date_gmt":"2024-05-15T11:33:20","guid":{"rendered":"https:\/\/areabadalona.com\/diario\/?p=6983"},"modified":"2024-05-15T11:33:20","modified_gmt":"2024-05-15T11:33:20","slug":"ja-estan-en-marxa-les-obres-de-construccio-del-nou-viaducte-ferroviari-del-canal-del-gorg","status":"publish","type":"post","link":"https:\/\/areabadalona.com\/diario\/2024\/05\/15\/ja-estan-en-marxa-les-obres-de-construccio-del-nou-viaducte-ferroviari-del-canal-del-gorg\/","title":{"rendered":"Ja estan en marxa les obres de construcci\u00f3 del nou viaducte ferroviari del canal del Gorg"},"content":{"rendered":"\n<p>L\u2019alcalde de Badalona, Xavier Garcia Albiol, ha afirmat que \u201camb l\u2019inici de les obres de construcci\u00f3 del nou viaducte ferroviari del canal del Gorg, Badalona fa un pas definitiu cap a la seva transformaci\u00f3, per l\u2019impacte que aquesta obra tindr\u00e0 a urban\u00edsticament i en la vertebraci\u00f3 de la ciutat\u201d. Garcia Albiol ha recordat que aquesta \u00e9s l\u2019obra civil m\u00e9s important que s\u2019ha fet en els darrers vint anys a Badalona i que els badalonins han hagut d\u2019esperar molts anys per veure el seu comen\u00e7ament. \u201cAra, les obres del canal ja s\u00f3n una realitat imparable que transformar\u00e0 el barri del Gorg i la imatge de la ciutat de Badalona, que ser\u00e0 la ciutat m\u00e9s atractiva de l\u2019\u00e0rea metropolitana\u201d, ha afirmat.<\/p>\n\n\n\n<p>Aquest projecte \u00e9s la gran obra de transformaci\u00f3 de Badalona ja que el nou passeig al voltant del canal i el mateix canal esdevindran una nova centralitat per a la ciutat. A m\u00e9s, l\u2019obra millorar\u00e0 significativament la connexi\u00f3 dels barris del nord de Badalona amb la fa\u00e7ana mar\u00edtima, a trav\u00e9s de la rambla del Gorg i el passeig a tocar del canal. Un altre dels efectes positius des del punt de vista urban\u00edstic ser\u00e0 la millora de la connexi\u00f3 entre el port, el front mar\u00edtim, La Mora i el Gorg amb la resta de la ciutat. Les obres preveuen tamb\u00e9 la construcci\u00f3 d\u2019una nova rotonda que connectar\u00e0 els carrers de Ponent i d\u2019Eduard Maristany, aix\u00ed com un pas inferior de 8 metres d&#8217;ample per a vianants i vehicles d&#8217;emerg\u00e8ncia al carrer de Tortosa.<\/p>\n\n\n\n<p>Les obres per a la construcci\u00f3 del nou viaducte ferroviari del canal del Gorg s\u2019han iniciat en les darreres setmanes, amb treballs de&nbsp; topografia de detall, que es realitzen necess\u00e0riament en horari nocturn, durant les hores en qu\u00e8 no hi ha circulaci\u00f3 de trens per les vies del tren. En paral\u00b7lel han comen\u00e7at tamb\u00e9 les obres de tancament perimetral de la zona d\u2019obres, la revisi\u00f3 de l\u2019estat del terrapl\u00e8 que es va condicionar l\u2019estiu passat i sobre el qual ha de&nbsp; construir-se el desviament provisional de la via del ferrocarril mentre es construeix el viaducte del canal. El seg\u00fcent pas, en el que ja s\u2019est\u00e0 treballant, \u00e9s l\u2019habilitaci\u00f3 de les instal\u00b7lacions (oficines, vestidors, magatzem) per als treballadors de&nbsp; les obres i per a aix\u00f2 ja s\u2019ha fet l\u2019aplanament del terreny.<\/p>\n\n\n\n<p>Cal recordar que tota l\u2019obra de construcci\u00f3 del viaducte es far\u00e0 sense interrompre el servei ferroviari de la l\u00ednia de la costa. Per aquest motiu, la primera fase de les obres consistir\u00e0 a fer el desviament per al tr\u00e0nsit ferroviari. Un cop s\u2019hagi constru\u00eft aquesta variant, que est\u00e0 previst que estigui enllestida el mes de novembre, es dur\u00e0 a terme la construcci\u00f3 del viaducte en si, que podr\u00e0 estar en servei amb les l\u00ednies ferrovi\u00e0ries definitives a finals de l\u2019any 2025.<\/p>\n\n\n\n<p>El viaducte sobre el canal del Gorg tindr\u00e0 una longitud de 180 metres i constar\u00e0 de 5 obertures. Estar\u00e0 situat entre els carrers de Ponent i de Tortosa i permetr\u00e0 que el tren creui sobre el canal, un curs d\u2019aigua navegable de 32 metres d\u2019ample i 325 metres de llarg que connecta amb el port. Les obres tenen un pressupost de 15,4 M\u20ac, dels quals Marina Badalona n\u2019aporta 10,5 M\u20ac; l\u2019Ajuntament de Badalona 4,9 M\u20ac. Aquest conveni tamb\u00e9 incorpora la inversi\u00f3 per part d\u2019ADIF de 3,3 M\u20ac en millores en la infraestructura ferrovi\u00e0ria entre Sant Adri\u00e0 del Bes\u00f2s i Badalona.<\/p>\n","protected":false},"excerpt":{"rendered":"<p>L\u2019alcalde de Badalona, Xavier Garcia Albiol, ha afirmat que \u201camb l\u2019inici de les obres de construcci\u00f3 del nou viaducte ferroviari del canal del Gorg, Badalona fa un pas definitiu cap a la seva transformaci\u00f3, per l\u2019impacte que aquesta obra tindr\u00e0 a urban\u00edsticament i en la vertebraci\u00f3 de la ciutat\u201d. Garcia Albiol ha recordat que aquesta [&hellip;]<\/p>\n","protected":false},"author":2,"featured_media":6984,"comment_status":"open","ping_status":"open","sticky":false,"template":"","format":"standard","meta":{"footnotes":""},"categories":[23],"tags":[],"class_list":{"0":"post-6983","1":"post","2":"type-post","3":"status-publish","4":"format-standard","5":"has-post-thumbnail","7":"category-actualitat"},"_links":{"self":[{"href":"https:\/\/areabadalona.com\/diario\/wp-json\/wp\/v2\/posts\/6983","targetHints":{"allow":["GET"]}}],"collection":[{"href":"https:\/\/areabadalona.com\/diario\/wp-json\/wp\/v2\/posts"}],"about":[{"href":"https:\/\/areabadalona.com\/diario\/wp-json\/wp\/v2\/types\/post"}],"author":[{"embeddable":true,"href":"https:\/\/areabadalona.com\/diario\/wp-json\/wp\/v2\/users\/2"}],"replies":[{"embeddable":true,"href":"https:\/\/areabadalona.com\/diario\/wp-json\/wp\/v2\/comments?post=6983"}],"version-history":[{"count":1,"href":"https:\/\/areabadalona.com\/diario\/wp-json\/wp\/v2\/posts\/6983\/revisions"}],"predecessor-version":[{"id":6985,"href":"https:\/\/areabadalona.com\/diario\/wp-json\/wp\/v2\/posts\/6983\/revisions\/6985"}],"wp:featuredmedia":[{"embeddable":true,"href":"https:\/\/areabadalona.com\/diario\/wp-json\/wp\/v2\/media\/6984"}],"wp:attachment":[{"href":"https:\/\/areabadalona.com\/diario\/wp-json\/wp\/v2\/media?parent=6983"}],"wp:term":[{"taxonomy":"category","embeddable":true,"href":"https:\/\/areabadalona.com\/diario\/wp-json\/wp\/v2\/categories?post=6983"},{"taxonomy":"post_tag","embeddable":true,"href":"https:\/\/areabadalona.com\/diario\/wp-json\/wp\/v2\/tags?post=6983"}],"curies":[{"name":"wp","href":"https:\/\/api.w.org\/{rel}","templated":true}]}}