{"id":6974,"date":"2024-05-14T08:30:07","date_gmt":"2024-05-14T08:30:07","guid":{"rendered":"https:\/\/areabadalona.com\/diario\/?p=6974"},"modified":"2024-05-15T11:29:40","modified_gmt":"2024-05-15T11:29:40","slug":"badalona-surt-de-la-fase-demergencia-per-sequera","status":"publish","type":"post","link":"https:\/\/areabadalona.com\/diario\/2024\/05\/14\/badalona-surt-de-la-fase-demergencia-per-sequera\/","title":{"rendered":"Badalona surt de la fase d\u2019emerg\u00e8ncia per sequera"},"content":{"rendered":"\n<p>El municipi de Badalona, un dels 202 que s\u2019abasteixen d\u2019aigua del sistema Ter-Llobregat, ha canviat de fase de la sequera, passant de l\u2019emerg\u00e8ncia 1 que tenia una restricci\u00f3 de dotaci\u00f3 de consum de 200 litres per habitant i dia a una fase d\u2019excepcionalitat on la dotaci\u00f3 ha passat als 230 litres.<\/p>\n\n\n\n<p>El canvi s\u2019ha produ\u00eft com a conseq\u00fc\u00e8ncia de les pluges de les \u00faltimes setmanes, els embassaments d&#8217;aquest sistema ja superen el 25% de capacitat.<\/p>\n\n\n\n<p>En fase d\u2019excepcionalitat, tot i que es rebaixen les restriccions, es mantenen les seg\u00fcents mesures d\u2019estalvi :<\/p>\n\n\n\n<p>\u2022 Reducci\u00f3 de la dotaci\u00f3 de reg agr\u00edcola en un 40% o la substituci\u00f3 de part dels cabals destinats a reg agr\u00edcola per aig\u00fces regenerades (en emerg\u00e8ncia era del 80%).<\/p>\n\n\n\n<p>\u2022 Reducci\u00f3 del 15% dels consums d&#8217;aigua dels usuaris industrials (en emerg\u00e8ncia era del 25%).<\/p>\n\n\n\n<p>\u2022 Reducci\u00f3 del consum d&#8217;aigua en els usos recreatius (15% en usos assimilables a urbans i 50% en reg).<\/p>\n\n\n\n<p>\u2022 Reducci\u00f3 del 30% en els usos ramaders (en emerg\u00e8ncia era del 50%).<\/p>\n\n\n\n<p>\u2022 Queda prohibit l&#8217;\u00fas d&#8217;aigua per al reg de jardins i zones verdes de car\u00e0cter p\u00fablic o privat (excepte el reg de superviv\u00e8ncia d&#8217;arbres o plantes, que es far\u00e0 gota o a gota o en regadora). S&#8217;admet el reg municipal amb aig\u00fces fre\u00e0tiques \u00fanicament en cas que no suposi una reducci\u00f3 de la disponibilitat d&#8217;aigua per a l&#8217;abastament domiciliari.<\/p>\n\n\n\n<p>\u2022 Queda prohibit el reg de gespa en tots els casos, excepte en superf\u00edcies destinades a pr\u00e0ctica federada d&#8217;esport, o aquell reg que es faci reutilitzant aig\u00fces de pluja recollides de les teulades o b\u00e9 aigua regenerada de les depuradores.<\/p>\n\n\n\n<p>\u2022 Es prohibeix la neteja de carrers, clavegueram, paviments, fa\u00e7anes o edificis amb aigua potable.<\/p>\n\n\n\n<p>\u2022 La neteja de vehicles nom\u00e9s es pot realitzar en establiments autoritzats.<\/p>\n\n\n\n<p>\u2022 Es prohibeix l\u2019ompliment total o parcial de fonts ornamentals, llacs artificials i altres elements d\u2019\u00fas est\u00e8tic de l\u2019aigua, entre altres mesures.<\/p>\n\n\n\n<p><strong>La regulaci\u00f3 de les piscines<\/strong><\/p>\n\n\n\n<p>En situaci\u00f3 d\u2019excepcionalitat no es permet en cap cas l\u2019ompliment de piscines privades d\u2019\u00fas individual o unifamiliar. Tampoc es poden omplir ni reomplir aquelles piscines sense sistemes de recirculaci\u00f3 d\u2019aigua. Les que s\u00ed tinguin sistema de recirculaci\u00f3 ho han de fer en les quantitats m\u00ednimes indispensables per garantir la qualitat sanit\u00e0ria de l&#8217;aigua.<\/p>\n\n\n\n<p>Nom\u00e9s es permet reomplir parcial o primer ompliment (si s\u00f3n de nova construcci\u00f3 o han sofert obres de rehabilitaci\u00f3 o modificaci\u00f3 del vas) de piscines d\u2019\u00fas p\u00fablic i tamb\u00e9 les piscines d\u2019\u00fas privat tipus que disposin d\u2019un sistema de recirculaci\u00f3 de l\u2019aigua, en les quantitats indispensables per garantir la qualitat sanit\u00e0ria de l\u2019aigua. Aix\u00f2 inclou piscines municipals o altres d\u2019acc\u00e9s p\u00fablic com les dels establiments tur\u00edstics, centres esportius, centres l\u00fadics o similars, les d\u2019instal\u00b7lacions juvenils inscrites al Registre d\u2019Instal\u00b7lacions Juvenils de la Direcci\u00f3 General de Joventut, col\u00b7legis majors o similars, i tamb\u00e9 les piscines d\u2019\u00fas privat de les comunitats de propietaris, agroturisme o similars. Tamb\u00e9 les piscines d&#8217;\u00fas terap\u00e8utic ubicades en hospitals i centres d&#8217;educaci\u00f3 especial.<\/p>\n\n\n\n<p>Tamb\u00e9 es permet omplir i reomplir les piscines d&#8217;\u00fas privat de tipus que estiguin destinades al bany de persones que disposen d&#8217;una avaluaci\u00f3 del grau de discapacitat en qu\u00e8 consta que pateixen alteracions de la conducta.<\/p>\n\n\n\n<p>Als centres educatius, \u00e9s perm\u00e8s l\u2019ompliment complet o parcial de piscines desmuntables de capacitat inferior a 500 litres per al bany d\u2019infants.<\/p>\n\n\n\n<p>D&#8217;acord al canvi de fase a excepcionalitat tampoc caldr\u00e0 la declaraci\u00f3 de refugi clim\u00e0tic. Les piscines, que en emerg\u00e8ncia no es podien ni omplir ni reomplir, en excepcionalitat es podran reomplir, de manera que no caldr\u00e0 que estiguin declarades com a refugi clim\u00e0tic per poder fer-ho.<\/p>\n\n\n\n<p>La regidora de Medi ambient, S\u00f2nia Egea comenta que \u201c\u00e9s una bona not\u00edcia que aquestes darrers pluges hagin servit per recuperar els nivells dels embassaments, tot i aix\u00ed hem de ser conscients que no podem baixar la gu\u00e0rdia amb la sequera i hem de seguir tenir cura de no malbaratar l\u2019aigua\u201d. A m\u00e9s ha afegit \u201ctornem a agra\u00efr la col\u00b7laboraci\u00f3 ciutadana i el seu esfor\u00e7 perqu\u00e8 el consum promig ha estat per sota de les dotacions establertes\u201d.<\/p>\n","protected":false},"excerpt":{"rendered":"<p>El municipi de Badalona, un dels 202 que s\u2019abasteixen d\u2019aigua del sistema Ter-Llobregat, ha canviat de fase de la sequera, passant de l\u2019emerg\u00e8ncia 1 que tenia una restricci\u00f3 de dotaci\u00f3 de consum de 200 litres per habitant i dia a una fase d\u2019excepcionalitat on la dotaci\u00f3 ha passat als 230 litres. El canvi s\u2019ha produ\u00eft [&hellip;]<\/p>\n","protected":false},"author":2,"featured_media":6975,"comment_status":"open","ping_status":"open","sticky":false,"template":"","format":"standard","meta":{"footnotes":""},"categories":[23],"tags":[],"class_list":{"0":"post-6974","1":"post","2":"type-post","3":"status-publish","4":"format-standard","5":"has-post-thumbnail","7":"category-actualitat"},"_links":{"self":[{"href":"https:\/\/areabadalona.com\/diario\/wp-json\/wp\/v2\/posts\/6974","targetHints":{"allow":["GET"]}}],"collection":[{"href":"https:\/\/areabadalona.com\/diario\/wp-json\/wp\/v2\/posts"}],"about":[{"href":"https:\/\/areabadalona.com\/diario\/wp-json\/wp\/v2\/types\/post"}],"author":[{"embeddable":true,"href":"https:\/\/areabadalona.com\/diario\/wp-json\/wp\/v2\/users\/2"}],"replies":[{"embeddable":true,"href":"https:\/\/areabadalona.com\/diario\/wp-json\/wp\/v2\/comments?post=6974"}],"version-history":[{"count":1,"href":"https:\/\/areabadalona.com\/diario\/wp-json\/wp\/v2\/posts\/6974\/revisions"}],"predecessor-version":[{"id":6976,"href":"https:\/\/areabadalona.com\/diario\/wp-json\/wp\/v2\/posts\/6974\/revisions\/6976"}],"wp:featuredmedia":[{"embeddable":true,"href":"https:\/\/areabadalona.com\/diario\/wp-json\/wp\/v2\/media\/6975"}],"wp:attachment":[{"href":"https:\/\/areabadalona.com\/diario\/wp-json\/wp\/v2\/media?parent=6974"}],"wp:term":[{"taxonomy":"category","embeddable":true,"href":"https:\/\/areabadalona.com\/diario\/wp-json\/wp\/v2\/categories?post=6974"},{"taxonomy":"post_tag","embeddable":true,"href":"https:\/\/areabadalona.com\/diario\/wp-json\/wp\/v2\/tags?post=6974"}],"curies":[{"name":"wp","href":"https:\/\/api.w.org\/{rel}","templated":true}]}}