{"id":6971,"date":"2024-05-14T12:51:27","date_gmt":"2024-05-14T12:51:27","guid":{"rendered":"https:\/\/areabadalona.com\/diario\/?p=6971"},"modified":"2024-05-14T12:51:27","modified_gmt":"2024-05-14T12:51:27","slug":"el-museu-de-badalona-inaugura-aquest-dijous-lexposicio-fang-i-foc-la-ceramica-a-baetulo","status":"publish","type":"post","link":"https:\/\/areabadalona.com\/diario\/2024\/05\/14\/el-museu-de-badalona-inaugura-aquest-dijous-lexposicio-fang-i-foc-la-ceramica-a-baetulo\/","title":{"rendered":"El Museu de Badalona inaugura aquest dijous l\u2019exposici\u00f3 \u201cFang i foc. La cer\u00e0mica a Baetulo\u201d"},"content":{"rendered":"\n<p>Aquest dijous 16 de maig a les 19 hores, el Museu de Badalona inaugura l\u2019exposici\u00f3 \u201cFang i foc. La cer\u00e0mica a Baetulo\u201d, una mostra creada per remarcar la import\u00e0ncia d\u2019aquest material humil, per\u00f2 d\u2019una gran versatilitat i durabilitat, que es convert\u00ed en imprescindible per a la societat romana.<\/p>\n\n\n\n<p>L\u2019exposici\u00f3 reuneix peces -algunes restaurades per a l\u2019ocasi\u00f3 i que no s\u2019han mostrat mai- d\u2019\u00e0mbits diversos, com la construcci\u00f3 (canonades, antefixes, teules), el comer\u00e7 del vi (\u00e0mfores), la vida dom\u00e8stica (ll\u00e0nties, vaixella o peces de teler) i religiosa (ares). Aquestes peces s\u00f3n un valu\u00f3s testimoni de la multitud d\u2019objectes que es fabricaven a les <em>figlinae<\/em> \u2013terrisseries- de la ciutat romana de Baetulo.<\/p>\n\n\n\n<p>L\u2019estudi dels materials conservats al Museu de Badalona ha perm\u00e8s constatar que les \u00e0mfores, destinades inicialment a transportar l\u00edquids, podien tenir altres funcions, com la de canalitzar aigua o la de formar part d\u2019un dic subterrani de drenatge per a les cases, com demostra la recreaci\u00f3 de la filera d\u2019\u00e0mfores que es va trobar in situ a l\u2019excavaci\u00f3 de Can Peixau, una zona habitualment plena d\u2019aiguamolls on calia protegir els edificis d\u2019esfondraments amb aquests sistemes constructius. Les an\u00e0lisis de pastes tamb\u00e9 han perm\u00e8s confirmar que un important nombre de fitxes de joc est\u00e0 fet de fragments de gerres i plats trencats.<\/p>\n\n\n\n<p>Aix\u00f2 demostra que els romans practicaven la sostenibilitat \u2013almenys en alguns aspectes- i que era habitual reutilitzar i donar una segona oportunitat a uns materials de rebuig que, d\u2019altra manera, haguessin deixat de tenir utilitat.<\/p>\n\n\n\n<p>Entre els objectes exposats tamb\u00e9 destaca la recuperaci\u00f3 d\u2019un conjunt d\u2019\u00e0mfores de vi que conserven els <em>tituli picti<\/em>, unes inscripcions on es feia constar el nom del productor, el pes, els anys d\u2019envelliment o el moment en qu\u00e8 es va envasar. Aquestes indicacions s\u00f3n clarament l\u2019antecedent de les etiquetes dels vins actuals.<\/p>\n","protected":false},"excerpt":{"rendered":"<p>Aquest dijous 16 de maig a les 19 hores, el Museu de Badalona inaugura l\u2019exposici\u00f3 \u201cFang i foc. La cer\u00e0mica a Baetulo\u201d, una mostra creada per remarcar la import\u00e0ncia d\u2019aquest material humil, per\u00f2 d\u2019una gran versatilitat i durabilitat, que es convert\u00ed en imprescindible per a la societat romana. L\u2019exposici\u00f3 reuneix peces -algunes restaurades per a [&hellip;]<\/p>\n","protected":false},"author":2,"featured_media":6972,"comment_status":"open","ping_status":"open","sticky":false,"template":"","format":"standard","meta":{"footnotes":""},"categories":[25],"tags":[],"class_list":{"0":"post-6971","1":"post","2":"type-post","3":"status-publish","4":"format-standard","5":"has-post-thumbnail","7":"category-cultura"},"_links":{"self":[{"href":"https:\/\/areabadalona.com\/diario\/wp-json\/wp\/v2\/posts\/6971","targetHints":{"allow":["GET"]}}],"collection":[{"href":"https:\/\/areabadalona.com\/diario\/wp-json\/wp\/v2\/posts"}],"about":[{"href":"https:\/\/areabadalona.com\/diario\/wp-json\/wp\/v2\/types\/post"}],"author":[{"embeddable":true,"href":"https:\/\/areabadalona.com\/diario\/wp-json\/wp\/v2\/users\/2"}],"replies":[{"embeddable":true,"href":"https:\/\/areabadalona.com\/diario\/wp-json\/wp\/v2\/comments?post=6971"}],"version-history":[{"count":1,"href":"https:\/\/areabadalona.com\/diario\/wp-json\/wp\/v2\/posts\/6971\/revisions"}],"predecessor-version":[{"id":6973,"href":"https:\/\/areabadalona.com\/diario\/wp-json\/wp\/v2\/posts\/6971\/revisions\/6973"}],"wp:featuredmedia":[{"embeddable":true,"href":"https:\/\/areabadalona.com\/diario\/wp-json\/wp\/v2\/media\/6972"}],"wp:attachment":[{"href":"https:\/\/areabadalona.com\/diario\/wp-json\/wp\/v2\/media?parent=6971"}],"wp:term":[{"taxonomy":"category","embeddable":true,"href":"https:\/\/areabadalona.com\/diario\/wp-json\/wp\/v2\/categories?post=6971"},{"taxonomy":"post_tag","embeddable":true,"href":"https:\/\/areabadalona.com\/diario\/wp-json\/wp\/v2\/tags?post=6971"}],"curies":[{"name":"wp","href":"https:\/\/api.w.org\/{rel}","templated":true}]}}