{"id":6966,"date":"2024-05-14T10:08:18","date_gmt":"2024-05-14T10:08:18","guid":{"rendered":"https:\/\/areabadalona.com\/diario\/?p=6966"},"modified":"2024-05-14T10:08:18","modified_gmt":"2024-05-14T10:08:18","slug":"carrera-alerta-que-el-retard-de-la-licitacio-fa-perillar-la-cursa-popular-de-badalona","status":"publish","type":"post","link":"https:\/\/areabadalona.com\/diario\/2024\/05\/14\/carrera-alerta-que-el-retard-de-la-licitacio-fa-perillar-la-cursa-popular-de-badalona\/","title":{"rendered":"Carrera alerta que el retard de la licitaci\u00f3 fa perillar la Cursa Popular de Badalona"},"content":{"rendered":"\n<p>El president del grup municipal del PSC de Badalona, Fernando Carrera, ha alertat, aquest dimarts, del retard en la contractaci\u00f3 dels serveis per l&#8217;organitzaci\u00f3 i execuci\u00f3 t\u00e8cnica de la Cursa Popular Ciutat de Badalona \u00abCursa del Dimoni, organitzada pel Servei d&#8217;Esports de l&#8217;Ajuntament de Badalona. El termini per presentar les ofertes, per organitzar la cursa, acaba el 27 de maig, l&#8217;endem\u00e0 de la celebraci\u00f3, diumenge 26 de maig. De fet, tots els programes de festes, i el mateix web de l&#8217;Ajuntament, anuncien el 26 de maig com a data que es far\u00e0 la Cursa Popular. Carrera ha alertat que no s&#8217;arribar\u00e0 a temps i que el govern del PP haur\u00e0 de canviar la data per la seva incompet\u00e8ncia. \u00abSabem que ja estan contractant els llums del Nadal que ve i tenen aturat, altra vegada, tot el servei de contractaci\u00f3\u00bb, ha alertat el president del grup municipal del PSC.<\/p>\n","protected":false},"excerpt":{"rendered":"<p>El president del grup municipal del PSC de Badalona, Fernando Carrera, ha alertat, aquest dimarts, del retard en la contractaci\u00f3 dels serveis per l&#8217;organitzaci\u00f3 i execuci\u00f3 t\u00e8cnica de la Cursa Popular Ciutat de Badalona \u00abCursa del Dimoni, organitzada pel Servei d&#8217;Esports de l&#8217;Ajuntament de Badalona. El termini per presentar les ofertes, per organitzar la cursa, [&hellip;]<\/p>\n","protected":false},"author":2,"featured_media":5386,"comment_status":"open","ping_status":"open","sticky":false,"template":"","format":"standard","meta":{"footnotes":""},"categories":[26],"tags":[],"class_list":{"0":"post-6966","1":"post","2":"type-post","3":"status-publish","4":"format-standard","5":"has-post-thumbnail","7":"category-esports"},"_links":{"self":[{"href":"https:\/\/areabadalona.com\/diario\/wp-json\/wp\/v2\/posts\/6966","targetHints":{"allow":["GET"]}}],"collection":[{"href":"https:\/\/areabadalona.com\/diario\/wp-json\/wp\/v2\/posts"}],"about":[{"href":"https:\/\/areabadalona.com\/diario\/wp-json\/wp\/v2\/types\/post"}],"author":[{"embeddable":true,"href":"https:\/\/areabadalona.com\/diario\/wp-json\/wp\/v2\/users\/2"}],"replies":[{"embeddable":true,"href":"https:\/\/areabadalona.com\/diario\/wp-json\/wp\/v2\/comments?post=6966"}],"version-history":[{"count":1,"href":"https:\/\/areabadalona.com\/diario\/wp-json\/wp\/v2\/posts\/6966\/revisions"}],"predecessor-version":[{"id":6967,"href":"https:\/\/areabadalona.com\/diario\/wp-json\/wp\/v2\/posts\/6966\/revisions\/6967"}],"wp:featuredmedia":[{"embeddable":true,"href":"https:\/\/areabadalona.com\/diario\/wp-json\/wp\/v2\/media\/5386"}],"wp:attachment":[{"href":"https:\/\/areabadalona.com\/diario\/wp-json\/wp\/v2\/media?parent=6966"}],"wp:term":[{"taxonomy":"category","embeddable":true,"href":"https:\/\/areabadalona.com\/diario\/wp-json\/wp\/v2\/categories?post=6966"},{"taxonomy":"post_tag","embeddable":true,"href":"https:\/\/areabadalona.com\/diario\/wp-json\/wp\/v2\/tags?post=6966"}],"curies":[{"name":"wp","href":"https:\/\/api.w.org\/{rel}","templated":true}]}}