{"id":6961,"date":"2024-05-13T08:52:23","date_gmt":"2024-05-13T08:52:23","guid":{"rendered":"https:\/\/areabadalona.com\/diario\/?p=6961"},"modified":"2024-05-14T09:58:40","modified_gmt":"2024-05-14T09:58:40","slug":"carrera-demana-a-albiol-una-remodelacio-urgent-del-govern-municipal","status":"publish","type":"post","link":"https:\/\/areabadalona.com\/diario\/2024\/05\/13\/carrera-demana-a-albiol-una-remodelacio-urgent-del-govern-municipal\/","title":{"rendered":"Carrera demana a Albiol una remodelaci\u00f3 urgent del govern municipal"},"content":{"rendered":"\n<p>El president del grup municipal del PSC, Fernando Carrera, ha demanat aquest dilluns una remodelaci\u00f3 urgent del govern de Badalona. Els tinents d&#8217;alcalde, Rosa del Amo i\u00a0Juan\u00a0Fern\u00e1ndez, seran pr\u00f2ximament diputats al Parlament de Catalunya. Aquest fet far\u00e0 reduir la seva feina a Badalona, com a regidors a l&#8217;Ajuntament, perqu\u00e8 el fet de ser diputat implica dedicar-hi un nombre d&#8217;hores a la setmana. Per Carrera, \u00abla ciutat necessita un govern fort, amb dedicaci\u00f3 exclusiva per Badalona, i l&#8217;actual govern del PP no ho est\u00e0 complint\u00bb. De fet, el president del grup municipal del PSC, Fernando Carrera, ha recordat que l&#8217;actual segona tinenta d&#8217;alcaldia,\u00a0Cristina Ag\u00fcera, \u00e9s tamb\u00e9 diputada al Parlament espanyol i cada setmana ha de marxar de Badalona per poder estar a Madrid. \u00abTenim un govern a mitges, perqu\u00e8 gaireb\u00e9 tots els tinents d&#8217;alcaldes tenen c\u00e0rrecs fora de Badalona\u00bb. Carrera ha concl\u00f2s demanant una remodelaci\u00f3 urgent del govern municipal, \u00abS\u00f3n 18 regidors i regidores per poder remodelar el govern i que els tinents d&#8217;alcalde tinguin dedicaci\u00f3 exclusiva per Badalona\u00bb.<\/p>\n","protected":false},"excerpt":{"rendered":"<p>El president del grup municipal del PSC, Fernando Carrera, ha demanat aquest dilluns una remodelaci\u00f3 urgent del govern de Badalona. Els tinents d&#8217;alcalde, Rosa del Amo i\u00a0Juan\u00a0Fern\u00e1ndez, seran pr\u00f2ximament diputats al Parlament de Catalunya. Aquest fet far\u00e0 reduir la seva feina a Badalona, com a regidors a l&#8217;Ajuntament, perqu\u00e8 el fet de ser diputat implica [&hellip;]<\/p>\n","protected":false},"author":2,"featured_media":1360,"comment_status":"open","ping_status":"open","sticky":false,"template":"","format":"standard","meta":{"footnotes":""},"categories":[23],"tags":[],"class_list":{"0":"post-6961","1":"post","2":"type-post","3":"status-publish","4":"format-standard","5":"has-post-thumbnail","7":"category-actualitat"},"_links":{"self":[{"href":"https:\/\/areabadalona.com\/diario\/wp-json\/wp\/v2\/posts\/6961","targetHints":{"allow":["GET"]}}],"collection":[{"href":"https:\/\/areabadalona.com\/diario\/wp-json\/wp\/v2\/posts"}],"about":[{"href":"https:\/\/areabadalona.com\/diario\/wp-json\/wp\/v2\/types\/post"}],"author":[{"embeddable":true,"href":"https:\/\/areabadalona.com\/diario\/wp-json\/wp\/v2\/users\/2"}],"replies":[{"embeddable":true,"href":"https:\/\/areabadalona.com\/diario\/wp-json\/wp\/v2\/comments?post=6961"}],"version-history":[{"count":1,"href":"https:\/\/areabadalona.com\/diario\/wp-json\/wp\/v2\/posts\/6961\/revisions"}],"predecessor-version":[{"id":6962,"href":"https:\/\/areabadalona.com\/diario\/wp-json\/wp\/v2\/posts\/6961\/revisions\/6962"}],"wp:featuredmedia":[{"embeddable":true,"href":"https:\/\/areabadalona.com\/diario\/wp-json\/wp\/v2\/media\/1360"}],"wp:attachment":[{"href":"https:\/\/areabadalona.com\/diario\/wp-json\/wp\/v2\/media?parent=6961"}],"wp:term":[{"taxonomy":"category","embeddable":true,"href":"https:\/\/areabadalona.com\/diario\/wp-json\/wp\/v2\/categories?post=6961"},{"taxonomy":"post_tag","embeddable":true,"href":"https:\/\/areabadalona.com\/diario\/wp-json\/wp\/v2\/tags?post=6961"}],"curies":[{"name":"wp","href":"https:\/\/api.w.org\/{rel}","templated":true}]}}