{"id":6955,"date":"2024-05-11T08:16:32","date_gmt":"2024-05-11T08:16:32","guid":{"rendered":"https:\/\/areabadalona.com\/diario\/?p=6955"},"modified":"2024-05-13T08:17:58","modified_gmt":"2024-05-13T08:17:58","slug":"la-nit-de-sant-anastasi-aplega-115-000-persones-a-badalona","status":"publish","type":"post","link":"https:\/\/areabadalona.com\/diario\/2024\/05\/11\/la-nit-de-sant-anastasi-aplega-115-000-persones-a-badalona\/","title":{"rendered":"La Nit de Sant Anastasi aplega 115.000 persones a Badalona"},"content":{"rendered":"\n<p>115.000 persones van omplir ahir els carrers de Badalona per gaudir de la Nit de Sant Anastasi, l\u2019acte m\u00e9s emblem\u00e0tic de les Festes de Maig. La celebraci\u00f3 va iniciar-se amb el Repic de campanes i el Ball a pla\u00e7a. Posteriorment, el Seguici, format pels entremesos de la ciutat, va dirigir-se cap a la platja dels Pescadors per acomiadar-se simb\u00f2licament del dimoni.<\/p>\n\n\n\n<p>&nbsp;Al voltant de les 22 hores, ve\u00efns i visitants van aplegar-se al passeig de la Rambla per gaudir d\u2019una de les grans novetats de les festes d\u2019enguany, un espectacle de m\u00e9s de 200 drons que van sobrevolar el cel de la ciutat i van omplir-lo de llum i color. El xou va oferir als assistents una exhibici\u00f3 de figures lum\u00edniques al cel, algunes d\u2019elles relacionades amb la ciutat, com ara la Venus de Badalona, el Pont del Petroli i la Casa de la Vila.<\/p>\n\n\n\n<p>La Nit de Sant Anastasi va continuar amb el piromusical, l\u2019avantsala de l\u2019acte festiu m\u00e9s genu\u00ed del patrimoni folkl\u00f2ric de Badalona, la Cremada del Dimoni. Els assistents que omplien la Rambla van veure com El Dimoni \u2018Apugem els preus\u2019, figura dissenyada per Cristian Jer\u00f3nimo inspirada en la pujada de preus de la cistella de la compra, era engolit per les flames.<\/p>\n\n\n\n<p>&nbsp;La celebraci\u00f3 es va traslladar despr\u00e9s al passeig Mar\u00edtim, on 65.000 persones van vibrar amb els Concerts de Festes d\u2019Abraham Mateo i Stay Homas.<\/p>\n\n\n\n<p><strong>Increment del dispositiu de seguretat<\/strong><\/p>\n\n\n\n<p>Per garantir la seguretat durant els actes de la Nit de Sant Anastasi, l\u2019Ajuntament de Badalona va incrementar en un 70%, respecte a l\u2019any 2023, els efectius de seguretat.<\/p>\n\n\n\n<p>Hi va haver un total de 183 efectius treballant per a la seguretat de tots els participants i espectadors dels actes. El nombre d\u2019agents de la Gu\u00e0rdia Urbana de Badalona, es va ampliar fins als 113 &#8211; 44 m\u00e9s que l\u2019any passat-, i tamb\u00e9 es va incrementar el nombre de Mossos d\u2019Esquadra, que va passar de 22 l\u2019any 2023 a 30 aquest any. A la vegada, hi va haver m\u00e9s personal sanitari, de servei de protecci\u00f3 civil, vigilants de seguretat i recursos de prevenci\u00f3 i extinci\u00f3 d\u2019incendis, fins a completar els 183 efectius.<\/p>\n\n\n\n<figure class=\"wp-block-gallery has-nested-images columns-default is-cropped td-modal-on-gallery wp-block-gallery-1 is-layout-flex wp-block-gallery-is-layout-flex\">\n<figure class=\"wp-block-image size-large\"><img loading=\"lazy\" decoding=\"async\" width=\"1024\" height=\"683\" data-id=\"6956\" src=\"https:\/\/areabadalona.com\/diario\/wp-content\/uploads\/2024\/05\/Nit_Sant_Anastasi_drons-1024x683.jpg\" alt=\"\" class=\"wp-image-6956\" srcset=\"https:\/\/areabadalona.com\/diario\/wp-content\/uploads\/2024\/05\/Nit_Sant_Anastasi_drons-1024x683.jpg 1024w, https:\/\/areabadalona.com\/diario\/wp-content\/uploads\/2024\/05\/Nit_Sant_Anastasi_drons-300x200.jpg 300w, https:\/\/areabadalona.com\/diario\/wp-content\/uploads\/2024\/05\/Nit_Sant_Anastasi_drons-768x512.jpg 768w, https:\/\/areabadalona.com\/diario\/wp-content\/uploads\/2024\/05\/Nit_Sant_Anastasi_drons-150x100.jpg 150w, https:\/\/areabadalona.com\/diario\/wp-content\/uploads\/2024\/05\/Nit_Sant_Anastasi_drons-696x464.jpg 696w, https:\/\/areabadalona.com\/diario\/wp-content\/uploads\/2024\/05\/Nit_Sant_Anastasi_drons-1068x712.jpg 1068w, https:\/\/areabadalona.com\/diario\/wp-content\/uploads\/2024\/05\/Nit_Sant_Anastasi_drons.jpg 1200w\" sizes=\"auto, (max-width: 1024px) 100vw, 1024px\" \/><\/figure>\n\n\n\n<figure class=\"wp-block-image size-large\"><img loading=\"lazy\" decoding=\"async\" width=\"1024\" height=\"683\" data-id=\"6958\" src=\"https:\/\/areabadalona.com\/diario\/wp-content\/uploads\/2024\/05\/Nit_piromusical-1024x683.jpg\" alt=\"\" class=\"wp-image-6958\" srcset=\"https:\/\/areabadalona.com\/diario\/wp-content\/uploads\/2024\/05\/Nit_piromusical-1024x683.jpg 1024w, https:\/\/areabadalona.com\/diario\/wp-content\/uploads\/2024\/05\/Nit_piromusical-300x200.jpg 300w, https:\/\/areabadalona.com\/diario\/wp-content\/uploads\/2024\/05\/Nit_piromusical-768x512.jpg 768w, https:\/\/areabadalona.com\/diario\/wp-content\/uploads\/2024\/05\/Nit_piromusical-150x100.jpg 150w, https:\/\/areabadalona.com\/diario\/wp-content\/uploads\/2024\/05\/Nit_piromusical-696x464.jpg 696w, https:\/\/areabadalona.com\/diario\/wp-content\/uploads\/2024\/05\/Nit_piromusical-1068x712.jpg 1068w, https:\/\/areabadalona.com\/diario\/wp-content\/uploads\/2024\/05\/Nit_piromusical.jpg 1200w\" sizes=\"auto, (max-width: 1024px) 100vw, 1024px\" \/><\/figure>\n\n\n\n<figure class=\"wp-block-image size-large\"><img loading=\"lazy\" decoding=\"async\" width=\"1024\" height=\"682\" data-id=\"6957\" src=\"https:\/\/areabadalona.com\/diario\/wp-content\/uploads\/2024\/05\/Cremada-Dimonipublic-1024x682.jpg\" alt=\"\" class=\"wp-image-6957\" srcset=\"https:\/\/areabadalona.com\/diario\/wp-content\/uploads\/2024\/05\/Cremada-Dimonipublic-1024x682.jpg 1024w, https:\/\/areabadalona.com\/diario\/wp-content\/uploads\/2024\/05\/Cremada-Dimonipublic-300x200.jpg 300w, https:\/\/areabadalona.com\/diario\/wp-content\/uploads\/2024\/05\/Cremada-Dimonipublic-768x511.jpg 768w, https:\/\/areabadalona.com\/diario\/wp-content\/uploads\/2024\/05\/Cremada-Dimonipublic-150x100.jpg 150w, https:\/\/areabadalona.com\/diario\/wp-content\/uploads\/2024\/05\/Cremada-Dimonipublic-696x463.jpg 696w, https:\/\/areabadalona.com\/diario\/wp-content\/uploads\/2024\/05\/Cremada-Dimonipublic-1068x711.jpg 1068w, https:\/\/areabadalona.com\/diario\/wp-content\/uploads\/2024\/05\/Cremada-Dimonipublic.jpg 1200w\" sizes=\"auto, (max-width: 1024px) 100vw, 1024px\" \/><\/figure>\n<figcaption class=\"blocks-gallery-caption wp-element-caption\">Fotografies: Daniel Garc\u00eda Crespo<\/figcaption><\/figure>\n","protected":false},"excerpt":{"rendered":"<p>115.000 persones van omplir ahir els carrers de Badalona per gaudir de la Nit de Sant Anastasi, l\u2019acte m\u00e9s emblem\u00e0tic de les Festes de Maig. La celebraci\u00f3 va iniciar-se amb el Repic de campanes i el Ball a pla\u00e7a. Posteriorment, el Seguici, format pels entremesos de la ciutat, va dirigir-se cap a la platja dels [&hellip;]<\/p>\n","protected":false},"author":2,"featured_media":6959,"comment_status":"open","ping_status":"open","sticky":false,"template":"","format":"standard","meta":{"footnotes":""},"categories":[25],"tags":[],"class_list":{"0":"post-6955","1":"post","2":"type-post","3":"status-publish","4":"format-standard","5":"has-post-thumbnail","7":"category-cultura"},"_links":{"self":[{"href":"https:\/\/areabadalona.com\/diario\/wp-json\/wp\/v2\/posts\/6955","targetHints":{"allow":["GET"]}}],"collection":[{"href":"https:\/\/areabadalona.com\/diario\/wp-json\/wp\/v2\/posts"}],"about":[{"href":"https:\/\/areabadalona.com\/diario\/wp-json\/wp\/v2\/types\/post"}],"author":[{"embeddable":true,"href":"https:\/\/areabadalona.com\/diario\/wp-json\/wp\/v2\/users\/2"}],"replies":[{"embeddable":true,"href":"https:\/\/areabadalona.com\/diario\/wp-json\/wp\/v2\/comments?post=6955"}],"version-history":[{"count":1,"href":"https:\/\/areabadalona.com\/diario\/wp-json\/wp\/v2\/posts\/6955\/revisions"}],"predecessor-version":[{"id":6960,"href":"https:\/\/areabadalona.com\/diario\/wp-json\/wp\/v2\/posts\/6955\/revisions\/6960"}],"wp:featuredmedia":[{"embeddable":true,"href":"https:\/\/areabadalona.com\/diario\/wp-json\/wp\/v2\/media\/6959"}],"wp:attachment":[{"href":"https:\/\/areabadalona.com\/diario\/wp-json\/wp\/v2\/media?parent=6955"}],"wp:term":[{"taxonomy":"category","embeddable":true,"href":"https:\/\/areabadalona.com\/diario\/wp-json\/wp\/v2\/categories?post=6955"},{"taxonomy":"post_tag","embeddable":true,"href":"https:\/\/areabadalona.com\/diario\/wp-json\/wp\/v2\/tags?post=6955"}],"curies":[{"name":"wp","href":"https:\/\/api.w.org\/{rel}","templated":true}]}}