{"id":6952,"date":"2024-05-10T15:13:00","date_gmt":"2024-05-10T15:13:00","guid":{"rendered":"https:\/\/areabadalona.com\/diario\/?p=6952"},"modified":"2024-05-13T08:13:39","modified_gmt":"2024-05-13T08:13:39","slug":"els-veins-de-badalona-ja-han-exhaurit-els-75-000-mocadors-de-festes-de-maig-dissenyats-per-lorenzo-caprile","status":"publish","type":"post","link":"https:\/\/areabadalona.com\/diario\/2024\/05\/10\/els-veins-de-badalona-ja-han-exhaurit-els-75-000-mocadors-de-festes-de-maig-dissenyats-per-lorenzo-caprile\/","title":{"rendered":"Els ve\u00efns de Badalona ja han exhaurit els 75.000 mocadors de Festes de Maig dissenyats per Lorenzo Caprile"},"content":{"rendered":"\n<p>El mocador de Festes de Maig dissenyat de manera altruista pel modista d\u2019alta costura Lorenzo Caprile ha estat tot un \u00e8xit entre els ve\u00efns de Badalona, que han exhaurit els 75.000 mocadors fabricats aquest any. Aquests 75.000 mocadors suposen la xifra m\u00e9s alta pel que fa a la distribuci\u00f3 d\u2019aquest element imprescindible de les Festes de Maig de la ciutat.<\/p>\n\n\n\n<p>El mocador s\u2019ha venut al preu d\u2019un euro. \u00c9s de color blanc amb decoraci\u00f3 en blau i el mateix Lorenzo Caprile va explicar que s\u2019havia inspirat en els colors de Badalona, de la bandera i del blau del mar i en les greques dels mosaics de la ciutat de Baetulo que es conserven al Museu de Badalona.<\/p>\n\n\n\n<p>Aquesta ha estat la primera vegada que Badalona ha tingut un mocador de Festes dissenyat per una figura internacional del m\u00f3n de la moda. L\u2019alcalde, Xavier Garcia Albiol, va con\u00e8ixer Caprile en el seu anterior mandat i a l\u2019inici de l\u2019actual mandat va posar-se en contacte amb ell per fer-li la proposta de dissenyar el mocador. L\u2019alcalde s\u2019ha mostrat molt satisfet per l\u2019acollida dels ve\u00efns de Badalona a aquesta iniciativa. \u201cEstic especialment content perqu\u00e8 el disseny del mocador s\u2019inspira en elements que tenen a veure amb Badalona, aix\u00f2 ha agradat molt i aix\u00ed ho han demostrat els ve\u00efns, que hi han apostat amb entusiasme\u201d, ha explicat Garcia Albiol.&nbsp;<\/p>\n","protected":false},"excerpt":{"rendered":"<p>El mocador de Festes de Maig dissenyat de manera altruista pel modista d\u2019alta costura Lorenzo Caprile ha estat tot un \u00e8xit entre els ve\u00efns de Badalona, que han exhaurit els 75.000 mocadors fabricats aquest any. Aquests 75.000 mocadors suposen la xifra m\u00e9s alta pel que fa a la distribuci\u00f3 d\u2019aquest element imprescindible de les Festes [&hellip;]<\/p>\n","protected":false},"author":2,"featured_media":6953,"comment_status":"open","ping_status":"open","sticky":false,"template":"","format":"standard","meta":{"footnotes":""},"categories":[25],"tags":[],"class_list":{"0":"post-6952","1":"post","2":"type-post","3":"status-publish","4":"format-standard","5":"has-post-thumbnail","7":"category-cultura"},"_links":{"self":[{"href":"https:\/\/areabadalona.com\/diario\/wp-json\/wp\/v2\/posts\/6952","targetHints":{"allow":["GET"]}}],"collection":[{"href":"https:\/\/areabadalona.com\/diario\/wp-json\/wp\/v2\/posts"}],"about":[{"href":"https:\/\/areabadalona.com\/diario\/wp-json\/wp\/v2\/types\/post"}],"author":[{"embeddable":true,"href":"https:\/\/areabadalona.com\/diario\/wp-json\/wp\/v2\/users\/2"}],"replies":[{"embeddable":true,"href":"https:\/\/areabadalona.com\/diario\/wp-json\/wp\/v2\/comments?post=6952"}],"version-history":[{"count":1,"href":"https:\/\/areabadalona.com\/diario\/wp-json\/wp\/v2\/posts\/6952\/revisions"}],"predecessor-version":[{"id":6954,"href":"https:\/\/areabadalona.com\/diario\/wp-json\/wp\/v2\/posts\/6952\/revisions\/6954"}],"wp:featuredmedia":[{"embeddable":true,"href":"https:\/\/areabadalona.com\/diario\/wp-json\/wp\/v2\/media\/6953"}],"wp:attachment":[{"href":"https:\/\/areabadalona.com\/diario\/wp-json\/wp\/v2\/media?parent=6952"}],"wp:term":[{"taxonomy":"category","embeddable":true,"href":"https:\/\/areabadalona.com\/diario\/wp-json\/wp\/v2\/categories?post=6952"},{"taxonomy":"post_tag","embeddable":true,"href":"https:\/\/areabadalona.com\/diario\/wp-json\/wp\/v2\/tags?post=6952"}],"curies":[{"name":"wp","href":"https:\/\/api.w.org\/{rel}","templated":true}]}}