{"id":6949,"date":"2024-05-10T18:11:00","date_gmt":"2024-05-10T18:11:00","guid":{"rendered":"https:\/\/areabadalona.com\/diario\/?p=6949"},"modified":"2024-05-13T08:12:14","modified_gmt":"2024-05-13T08:12:14","slug":"mes-de-180-efectius-es-despleguen-per-garantir-la-seguretat-de-tots-els-assistents-a-la-nit-de-sant-anastasi-2024-a-badalona","status":"publish","type":"post","link":"https:\/\/areabadalona.com\/diario\/2024\/05\/10\/mes-de-180-efectius-es-despleguen-per-garantir-la-seguretat-de-tots-els-assistents-a-la-nit-de-sant-anastasi-2024-a-badalona\/","title":{"rendered":"M\u00e9s de 180 efectius es despleguen per garantir la seguretat de tots els assistents a la Nit de Sant Anastasi 2024 a Badalona"},"content":{"rendered":"\n<p>L\u2019Ajuntament de Badalona incrementa en un 70%, respecte l\u2019any 2023, els dispositius de seguretat per cobrir les activitats de les Festes de Maig que es celebren aquesta nit, la Nit de Sant Anastasi. En concret hi haur\u00e0 a peu de carrer 183 efectius treballant per a la seguretat de tots els participants i espectadors del actes de les Festes de Maig, especialment all\u00e0 on s\u2019espera m\u00e9s concurr\u00e8ncia de persones, com a l\u2019espectacle de Drons, el Piromusical, la Cremada del Dimoni, el Ball del Micaco o els Concerts de Festes.<\/p>\n\n\n\n<p>Enguany s\u2019amplia a 113 el n\u00famero d\u2019agents de la Gu\u00e0rdia Urbana de Badalona, 44 m\u00e9s que l\u2019any passat, igual que de Mossos d\u2019Esquadra, que passa de 22 l\u2019any 2023 a 30 aquest any. Tamb\u00e9 s\u2019ha incrementant el personal sanitari, el servei de protecci\u00f3 civil, els vigilants de seguretat i els recursos de prevenci\u00f3 i extinci\u00f3 d\u2019incendis, amb un total de 183 persones que vetllaran per la seguretat dels assistents als actes d\u2019aquesta Nit de Sant Anastasi on es concentren alguns dels actes m\u00e9s emblem\u00e0tics i concorreguts de les Festes de Maig.<\/p>\n\n\n\n<p>L\u2019alcalde, Xavier Garcia Albiol, ha destacat l\u2019esfor\u00e7 de l\u2019Ajuntament en aquesta jornada per garantir la seguretat dels badalonins. \u201cAmb un increment del 70% dels efectius al carrer durant la Nit de Sant Anastasi, reforcem el comprom\u00eds del govern amb la seguretat dels ve\u00efns de Badalona i els visitants que avui puguin venir a gaudir dels actes de la festa\u201d, ha explicat l\u2019alcalde. A m\u00e9s, Garcia Albiol ha agra\u00eft l\u2019esfor\u00e7 dels cossos de seguretat i la resta del personal que hi treballar\u00e0 per garantir que tot es desenvolupa amb normalitat.<\/p>\n","protected":false},"excerpt":{"rendered":"<p>L\u2019Ajuntament de Badalona incrementa en un 70%, respecte l\u2019any 2023, els dispositius de seguretat per cobrir les activitats de les Festes de Maig que es celebren aquesta nit, la Nit de Sant Anastasi. En concret hi haur\u00e0 a peu de carrer 183 efectius treballant per a la seguretat de tots els participants i espectadors del [&hellip;]<\/p>\n","protected":false},"author":2,"featured_media":6950,"comment_status":"open","ping_status":"open","sticky":false,"template":"","format":"standard","meta":{"footnotes":""},"categories":[23],"tags":[],"class_list":{"0":"post-6949","1":"post","2":"type-post","3":"status-publish","4":"format-standard","5":"has-post-thumbnail","7":"category-actualitat"},"_links":{"self":[{"href":"https:\/\/areabadalona.com\/diario\/wp-json\/wp\/v2\/posts\/6949","targetHints":{"allow":["GET"]}}],"collection":[{"href":"https:\/\/areabadalona.com\/diario\/wp-json\/wp\/v2\/posts"}],"about":[{"href":"https:\/\/areabadalona.com\/diario\/wp-json\/wp\/v2\/types\/post"}],"author":[{"embeddable":true,"href":"https:\/\/areabadalona.com\/diario\/wp-json\/wp\/v2\/users\/2"}],"replies":[{"embeddable":true,"href":"https:\/\/areabadalona.com\/diario\/wp-json\/wp\/v2\/comments?post=6949"}],"version-history":[{"count":1,"href":"https:\/\/areabadalona.com\/diario\/wp-json\/wp\/v2\/posts\/6949\/revisions"}],"predecessor-version":[{"id":6951,"href":"https:\/\/areabadalona.com\/diario\/wp-json\/wp\/v2\/posts\/6949\/revisions\/6951"}],"wp:featuredmedia":[{"embeddable":true,"href":"https:\/\/areabadalona.com\/diario\/wp-json\/wp\/v2\/media\/6950"}],"wp:attachment":[{"href":"https:\/\/areabadalona.com\/diario\/wp-json\/wp\/v2\/media?parent=6949"}],"wp:term":[{"taxonomy":"category","embeddable":true,"href":"https:\/\/areabadalona.com\/diario\/wp-json\/wp\/v2\/categories?post=6949"},{"taxonomy":"post_tag","embeddable":true,"href":"https:\/\/areabadalona.com\/diario\/wp-json\/wp\/v2\/tags?post=6949"}],"curies":[{"name":"wp","href":"https:\/\/api.w.org\/{rel}","templated":true}]}}